[{"@context":"https:\/\/schema.org\/","@type":"Article","@id":"https:\/\/www.eluxcz.cz\/bez-kravaty-ani-ranu\/#Article","mainEntityOfPage":"https:\/\/www.eluxcz.cz\/bez-kravaty-ani-ranu\/","headline":"Bez kravaty ani r\u00e1nu!","name":"Bez kravaty ani r\u00e1nu!","description":"Lze konstatovat, \u017ee v\u00fdvoj p\u00e1nsk\u00fdch m\u00f3dn\u00edch dopl\u0148k\u016f sm\u011ble konkuroval t\u011bm d\u00e1msk\u00fdm u\u017e od dob gotiky. Na sv\u00e9 si za\u010daly p\u0159ich\u00e1zet ale v obdob\u00ed renesance, v...","datePublished":"2023-05-06","dateModified":"2023-05-06","author":{"@type":"Person","@id":"https:\/\/www.eluxcz.cz\/author\/#Person","name":"","url":"https:\/\/www.eluxcz.cz\/author\/","identifier":1,"image":{"@type":"ImageObject","@id":"https:\/\/secure.gravatar.com\/avatar\/c36ac855b1ee9cce96e09824fb5426d6eaccd04233fbf51e04e067ccd1b5fe13?s=96&d=mm&r=g","url":"https:\/\/secure.gravatar.com\/avatar\/c36ac855b1ee9cce96e09824fb5426d6eaccd04233fbf51e04e067ccd1b5fe13?s=96&d=mm&r=g","height":96,"width":96}},"publisher":{"@type":"Organization","name":"eluxcz.cz","logo":{"@type":"ImageObject","@id":"\/logo.png","url":"\/logo.png","width":600,"height":60}},"image":{"@type":"ImageObject","@id":"https:\/\/www.eluxcz.cz\/wp-content\/uploads\/img_a340627_w2655_t1553582572.jpg","url":"https:\/\/www.eluxcz.cz\/wp-content\/uploads\/img_a340627_w2655_t1553582572.jpg","height":0,"width":0},"url":"https:\/\/www.eluxcz.cz\/bez-kravaty-ani-ranu\/","about":["M\u00f3da\r"],"wordCount":415,"articleBody":"Lze konstatovat, \u017ee v\u00fdvoj p\u00e1nsk\u00fdch m\u00f3dn\u00edch dopl\u0148k\u016f sm\u011ble konkuroval t\u011bm d\u00e1msk\u00fdm u\u017e od dob gotiky. Na sv\u00e9 si za\u010daly p\u0159ich\u00e1zet ale v obdob\u00ed renesance, v podob\u011b takzvan\u00fdch okru\u017e\u00ed, umn\u011b poskl\u00e1dan\u00fdch a hork\u00fdm \u017eel\u00edzkem tvarovan\u00fdch tuh\u00fdch l\u00edmc\u016f. Ty pak obep\u00ednaly krky vzne\u0161en\u00fdch majitel\u016f a\u017e do obdob\u00ed baroka, kdy je nahradilo takzvan\u00e9 fi\u017e\u00ed. Jednalo se o velmi kvalitn\u00ed kus hedv\u00e1b\u00ed, \u010di krajky, \u010dtvercov\u00e9ho tvaru, kter\u00fd byl aran\u017eov\u00e1n do troj\u00faheln\u00edku p\u0159ip\u00edn\u00e1n na ko\u0161ili pod krk vz\u00e1cn\u00fdmi bro\u017eemi. Ve stejn\u00e9, ale men\u0161\u00ed variant\u011b dr\u017eel kaval\u00edr v prstech nezbytn\u00fd kapesn\u00edk a to a\u017e do obdob\u00ed rokoka.\tS p\u0159\u00edchodem emp\u00edru se v\u0161e v obl\u00e9k\u00e1n\u00ed i dopl\u0148c\u00edch zjednodu\u0161uje a na sc\u00e9nu p\u0159ich\u00e1z\u00ed prvn\u00ed frak, s vestou, b\u00edlou ko\u0161il\u00ed a prvn\u00ed \u0161irokou v\u00e1za\u010dkou, p\u0159ipom\u00ednaj\u00edc\u00ed dne\u0161n\u00ed kravaty. Tehdy v\u011bt\u0161inou v b\u00edl\u00e9, nebo \u010dern\u00e9 barv\u011b, slo\u017eit\u011b v\u00e1zan\u00e1 s vetknutou perlou na jehlici. Tato ozdoba p\u0159etrvala s mal\u00fdmi zm\u011bnami a\u017e do konce 19. Stolet\u00ed, kdy se st\u00e1v\u00e1 p\u00e1nsk\u00fd oblek prakti\u010dt\u011bj\u0161\u00ed, zu\u017euj\u00ed se kalhoty a na sc\u00e9nu p\u0159ich\u00e1z\u00ed u\u017e\u0161\u00ed typ klasick\u00e9 kravaty, v\u00e1zan\u00e9 do podoby dne\u0161n\u00edho uzlu.\t&nbsp;\tSou\u010dasnost p\u0159in\u00e1\u0161\u00ed nep\u0159ebern\u00e9 mno\u017estv\u00ed pou\u017eit\u00fdch materi\u00e1l\u016f, barev a vzor\u016f p\u0159i v\u00fdrob\u011b kravat.\tZa nejkvalitn\u011bj\u0161\u00ed jsou pova\u017eov\u00e1ny ty, je\u017e jsou vyrobeny z hedv\u00e1b\u00ed, nebo ty ru\u010dn\u011b malovan\u00e9, \u010di vy\u0161\u00edvan\u00e9. V\u011bt\u0161inou jde o d\u00edla slavn\u00fdch n\u00e1vrh\u00e1\u0159sk\u00fdch dom\u016f, jako je Armani, Versace a dal\u0161\u00ed.\t\tD\u016fraz je kladen tak\u00e9 na barvu kravaty a r\u016fzn\u00e9 typy uzl\u016f, kdy se p\u0159ihl\u00ed\u017e\u00ed ke st\u0159ihu l\u00edmce ko\u0161ile, a k dan\u00e9 p\u0159\u00edle\u017eitosti, na kterou je volena. P\u0159i jej\u00edm v\u00e1z\u00e1n\u00ed hraje d\u016fle\u017eitou roli i d\u00e9lka, kdy by jej\u00ed doln\u00ed konec m\u011bl dosahovat k horn\u00edmu okraji p\u00e1sku kalhot.\tTrend posledn\u00edch dvou desetilet\u00ed tak\u00e9 trv\u00e1 na slad\u011bn\u00ed kravaty s partner\u010din\u00fdmi \u0161aty, nebo dopl\u0148ky. Tot\u00e9\u017e plat\u00ed i o volb\u011b kapesn\u00ed\u010dku, kter\u00fd b\u00fdv\u00e1 mnohdy sou\u010d\u00e1st\u00ed zakoupen\u00e9 kravaty, a tak vkusn\u011b dopl\u0148uje a podtrhuje jej\u00ed eleganci.                                                                                                                                                                                                                                                                                                                                                                                        3.7\/5 - (8 votes)        "},{"@context":"https:\/\/schema.org\/","@type":"BreadcrumbList","itemListElement":[{"@type":"ListItem","position":1,"name":"Bez kravaty ani r\u00e1nu!","item":"https:\/\/www.eluxcz.cz\/bez-kravaty-ani-ranu\/#breadcrumbitem"}]}]