[{"@context":"https:\/\/schema.org\/","@type":"Article","@id":"https:\/\/www.eluxcz.cz\/brambor-budil-neduveru\/#Article","mainEntityOfPage":"https:\/\/www.eluxcz.cz\/brambor-budil-neduveru\/","headline":"Brambor budil ned\u016fv\u011bru","name":"Brambor budil ned\u016fv\u011bru","description":"M\u00e1lokdo si ur\u010dit\u011b um\u00ed p\u0159edstavit sv\u016fj j\u00eddeln\u00ed\u010dek, bez tolik roz\u0161\u00ed\u0159en\u00fdch brambor. &#8211;\u00a0\u00a0\u00a0\u00a0\u00a0\u00a0\u00a0\u00a0 Jed\u00ed ho vegetari\u00e1ni i jedl\u00edci masa. &#8211;\u00a0\u00a0\u00a0\u00a0\u00a0\u00a0\u00a0\u00a0 Z\u00e1kladem stravy je i pro n\u011bkter\u00e1...","datePublished":"2025-09-29","dateModified":"2025-09-29","author":{"@type":"Person","@id":"https:\/\/www.eluxcz.cz\/author\/#Person","name":"","url":"https:\/\/www.eluxcz.cz\/author\/","identifier":1,"image":{"@type":"ImageObject","@id":"https:\/\/secure.gravatar.com\/avatar\/c36ac855b1ee9cce96e09824fb5426d6eaccd04233fbf51e04e067ccd1b5fe13?s=96&d=mm&r=g","url":"https:\/\/secure.gravatar.com\/avatar\/c36ac855b1ee9cce96e09824fb5426d6eaccd04233fbf51e04e067ccd1b5fe13?s=96&d=mm&r=g","height":96,"width":96}},"publisher":{"@type":"Organization","name":"eluxcz.cz","logo":{"@type":"ImageObject","@id":"\/logo.png","url":"\/logo.png","width":600,"height":60}},"url":"https:\/\/www.eluxcz.cz\/brambor-budil-neduveru\/","wordCount":390,"articleBody":"M\u00e1lokdo si ur\u010dit\u011b um\u00ed p\u0159edstavit sv\u016fj j\u00eddeln\u00ed\u010dek, bez tolik roz\u0161\u00ed\u0159en\u00fdch brambor.&#8211;\u00a0\u00a0\u00a0\u00a0\u00a0\u00a0\u00a0\u00a0 Jed\u00ed ho vegetari\u00e1ni i jedl\u00edci masa.&#8211;\u00a0\u00a0\u00a0\u00a0\u00a0\u00a0\u00a0\u00a0 Z\u00e1kladem stravy je i pro n\u011bkter\u00e1 zv\u00ed\u0159ata \u2013 prase dom\u00e1c\u00ed, slepice.A p\u0159itom se brambor v na\u0161\u00ed zemi, ale vlastn\u011b i v cel\u00e9 Evrop\u011b, uj\u00edmal docela t\u011b\u017eko. Lid\u00e9 k n\u011bmu m\u011bli ned\u016fv\u011bru. Nebylo divu. Pokud vzali tu nespr\u00e1vnou \u010d\u00e1st, mohli se klidn\u011b i p\u0159iotr\u00e1vit. Jedin\u00e1 jedl\u00e1 \u010d\u00e1st lilku bramboru, je pr\u00e1v\u011b ta hl\u00edza, kterou, v\u00a0mnoha \u00faprav\u00e1ch, konzumujeme.\tBramborem proti hladomoruNa\u0161t\u011bst\u00ed u n\u00e1s byli i lid\u00e9 pokrokov\u00ed, a tak se, bohud\u00edky, brambor v na\u0161\u00ed kuchyni ujal.\u00a7\u00a0 Nap\u0159\u00edklad jiho\u010desk\u00fd velmo\u017e, pan Vil\u00e9m Slavata, ho m\u011bl na tal\u00ed\u0159i, v Jind\u0159ichov\u011b Hradci, u\u017e roku 1632.\u00a7\u00a0 Ov\u0161em, kdy\u017e ho nab\u00eddli, v\u00a0t\u00e9 dob\u011b, m\u00edstn\u00edmu \u0161pit\u00e1lu, ut\u00edkali odtud lid\u00e9 s k\u0159ikem, \u017ee je chce panstvo otr\u00e1vit. A\u017e kdy\u017e vid\u011bli na ulici jednoho \u017eebr\u00e1ka, jak si na bramboru pochutn\u00e1v\u00e1, dali si tak\u00e9 \u0159\u00edct.Kdy\u017e na za\u010d\u00e1tku devaten\u00e1ct\u00e9ho stolet\u00ed nastala v\u00a0Evrop\u011b krize, byl to pr\u00e1v\u011b brambor, kter\u00fd pomohl zabr\u00e1nit hladomoru.\tNejv\u011bt\u0161\u00ed vyn\u00e1lez? Bramborov\u00fd knedl\u00edkKdy\u017e se n\u011bkdy hovo\u0159\u00ed o nejd\u016fle\u017eit\u011bj\u0161\u00edch vyn\u00e1lezech pro lidstvo a ka\u017ed\u00fd uv\u00e1d\u00ed n\u011bjakou technickou (pro b\u011b\u017en\u00fd \u017eivot nepot\u0159ebnou) v\u011bc, napad\u00e1 m\u011b v\u017edy j\u00eddlo. To jsou p\u0159eci vyn\u00e1lezy, kter\u00e9 obohacuj\u00ed \u017eivot ka\u017ed\u00e9ho \u010dlov\u011bka. Nejen v\u011bdce.\u00a0Bramborov\u00e1 ka\u0161e \u2013 um\u00edte si p\u0159edstavit pe\u010den\u00e9 ku\u0159e nebo \u0159\u00edzek, bez t\u00e9to dobroty? Bramborov\u00e9 knedl\u00edky \u2013 mysl\u00edm, \u017ee by bez nich kachna velice utrp\u011bla.A co takov\u00fd sma\u017een\u00fd s\u00fdr bez hranolk\u016f.U\u017e rad\u011bji nepokra\u010dovat.Z brambor se vyr\u00e1b\u011bj\u00ed i produkty, kter\u00e9 napom\u00e1haj\u00ed v\u00a0kuchyni, \u00fasp\u011b\u0161n\u011b a chutn\u011b uva\u0159it.&#8211;\u00a0\u00a0\u00a0\u00a0\u00a0\u00a0\u00a0\u00a0 Nap\u0159\u00edklad, \u010d\u00ednsk\u00e1 kuchy\u0148, by se neobe\u0161la bez bramborov\u00e9ho \u0161krobu.&#8211;\u00a0\u00a0\u00a0\u00a0\u00a0\u00a0\u00a0\u00a0 No, mo\u017en\u00e1 m\u00e1te pravdu. Mohl by ho nahradit t\u0159eba r\u00fd\u017eov\u00fd.Ale to, \u017ee jsou brambory naprosto nenahraditeln\u00e9, mi nikdo nevymluv\u00ed.Zkuste v l\u00e9t\u011b ud\u011blat ovocn\u00e9 knedl\u00edky z r\u00fd\u017ee a tvarohu.\u00a0                                                                                                                                                                                                                                                                                                                                                                                         3.6\/5 - (5 votes)        "},{"@context":"https:\/\/schema.org\/","@type":"BreadcrumbList","itemListElement":[{"@type":"ListItem","position":1,"name":"Brambor budil ned\u016fv\u011bru","item":"https:\/\/www.eluxcz.cz\/brambor-budil-neduveru\/#breadcrumbitem"}]}]