{"@context":"https:\/\/schema.org\/","@type":"CollectionPage","@id":"https:\/\/www.eluxcz.cz\/business\/#CollectionPage","headline":"Business Category","description":"","url":"https:\/\/www.eluxcz.cz\/business\/","hasPart":[{"@type":"Article","@id":"https:\/\/www.eluxcz.cz\/3-moderni-vychytavky-ktere-se-vam-budou-k-notebooku-skutecne-hodit\/","headline":"3 modern\u00ed vychyt\u00e1vky, kter\u00e9 se v\u00e1m budou k notebooku skute\u010dn\u011b hodit","url":"https:\/\/www.eluxcz.cz\/3-moderni-vychytavky-ktere-se-vam-budou-k-notebooku-skutecne-hodit\/","datePublished":"2023-04-29","dateModified":"2023-05-31","mainEntityOfPage":"https:\/\/www.eluxcz.cz\/3-moderni-vychytavky-ktere-se-vam-budou-k-notebooku-skutecne-hodit\/","author":{"@type":"Person","@id":"https:\/\/www.eluxcz.cz\/author\/#Person","name":"","url":"https:\/\/www.eluxcz.cz\/author\/","identifier":1,"image":{"@type":"ImageObject","@id":"https:\/\/secure.gravatar.com\/avatar\/c36ac855b1ee9cce96e09824fb5426d6eaccd04233fbf51e04e067ccd1b5fe13?s=96&d=mm&r=g","url":"https:\/\/secure.gravatar.com\/avatar\/c36ac855b1ee9cce96e09824fb5426d6eaccd04233fbf51e04e067ccd1b5fe13?s=96&d=mm&r=g","height":96,"width":96}},"publisher":{"@type":"Organization","name":"eluxcz.cz","logo":{"@type":"ImageObject","@id":"\/logo.png","url":"\/logo.png","width":600,"height":60}},"image":{"@type":"ImageObject","@id":"https:\/\/www.eluxcz.cz\/wp-content\/uploads\/office-620817__480_6.jpg","url":"https:\/\/www.eluxcz.cz\/wp-content\/uploads\/office-620817__480_6.jpg","height":0,"width":0},"keywords":null},{"@type":"Article","@id":"https:\/\/www.eluxcz.cz\/jak-spravne-balit-darky\/","headline":"Jak spr\u00e1vn\u011b balit d\u00e1rky?","url":"https:\/\/www.eluxcz.cz\/jak-spravne-balit-darky\/","datePublished":"2022-11-15","dateModified":"2023-05-06","mainEntityOfPage":"https:\/\/www.eluxcz.cz\/jak-spravne-balit-darky\/","author":{"@type":"Person","@id":"https:\/\/www.eluxcz.cz\/author\/#Person","name":"","url":"https:\/\/www.eluxcz.cz\/author\/","identifier":1,"image":{"@type":"ImageObject","@id":"https:\/\/secure.gravatar.com\/avatar\/c36ac855b1ee9cce96e09824fb5426d6eaccd04233fbf51e04e067ccd1b5fe13?s=96&d=mm&r=g","url":"https:\/\/secure.gravatar.com\/avatar\/c36ac855b1ee9cce96e09824fb5426d6eaccd04233fbf51e04e067ccd1b5fe13?s=96&d=mm&r=g","height":96,"width":96}},"publisher":{"@type":"Organization","name":"eluxcz.cz","logo":{"@type":"ImageObject","@id":"\/logo.png","url":"\/logo.png","width":600,"height":60}},"image":{"@type":"ImageObject","@id":"https:\/\/www.eluxcz.cz\/wp-content\/uploads\/santa-claus-g6efe467b2_640.png","url":"https:\/\/www.eluxcz.cz\/wp-content\/uploads\/santa-claus-g6efe467b2_640.png","height":0,"width":0},"keywords":null},{"@type":"Article","@id":"https:\/\/www.eluxcz.cz\/ceska-znacka-ktera-vas-oblekne-od-hlavy-az-k-pate\/","headline":"\u010cesk\u00e1 zna\u010dka, kter\u00e1 V\u00e1s obl\u00e9kne od hlavy a\u017e k pat\u011b.","url":"https:\/\/www.eluxcz.cz\/ceska-znacka-ktera-vas-oblekne-od-hlavy-az-k-pate\/","datePublished":"2022-07-08","dateModified":"2023-05-06","mainEntityOfPage":"https:\/\/www.eluxcz.cz\/ceska-znacka-ktera-vas-oblekne-od-hlavy-az-k-pate\/","author":{"@type":"Person","@id":"https:\/\/www.eluxcz.cz\/author\/#Person","name":"","url":"https:\/\/www.eluxcz.cz\/author\/","identifier":1,"image":{"@type":"ImageObject","@id":"https:\/\/secure.gravatar.com\/avatar\/c36ac855b1ee9cce96e09824fb5426d6eaccd04233fbf51e04e067ccd1b5fe13?s=96&d=mm&r=g","url":"https:\/\/secure.gravatar.com\/avatar\/c36ac855b1ee9cce96e09824fb5426d6eaccd04233fbf51e04e067ccd1b5fe13?s=96&d=mm&r=g","height":96,"width":96}},"publisher":{"@type":"Organization","name":"eluxcz.cz","logo":{"@type":"ImageObject","@id":"\/logo.png","url":"\/logo.png","width":600,"height":60}},"image":{"@type":"ImageObject","@id":"https:\/\/www.eluxcz.cz\/wp-content\/uploads\/cyclist-g9c776a478_640.jpg","url":"https:\/\/www.eluxcz.cz\/wp-content\/uploads\/cyclist-g9c776a478_640.jpg","height":0,"width":0},"keywords":null},{"@type":"Article","@id":"https:\/\/www.eluxcz.cz\/ono-to-tak-snadne-neni\/","headline":"Ono to tak snadn\u00e9 nen\u00ed","url":"https:\/\/www.eluxcz.cz\/ono-to-tak-snadne-neni\/","datePublished":"2022-06-10","dateModified":"2023-05-06","mainEntityOfPage":"https:\/\/www.eluxcz.cz\/ono-to-tak-snadne-neni\/","author":{"@type":"Person","@id":"https:\/\/www.eluxcz.cz\/author\/#Person","name":"","url":"https:\/\/www.eluxcz.cz\/author\/","identifier":1,"image":{"@type":"ImageObject","@id":"https:\/\/secure.gravatar.com\/avatar\/c36ac855b1ee9cce96e09824fb5426d6eaccd04233fbf51e04e067ccd1b5fe13?s=96&d=mm&r=g","url":"https:\/\/secure.gravatar.com\/avatar\/c36ac855b1ee9cce96e09824fb5426d6eaccd04233fbf51e04e067ccd1b5fe13?s=96&d=mm&r=g","height":96,"width":96}},"publisher":{"@type":"Organization","name":"eluxcz.cz","logo":{"@type":"ImageObject","@id":"\/logo.png","url":"\/logo.png","width":600,"height":60}},"image":{"@type":"ImageObject","@id":"https:\/\/www.eluxcz.cz\/wp-content\/uploads\/Google_obrazky_bM9wu4.png","url":"https:\/\/www.eluxcz.cz\/wp-content\/uploads\/Google_obrazky_bM9wu4.png","height":0,"width":0},"keywords":null},{"@type":"Article","@id":"https:\/\/www.eluxcz.cz\/oziveni-kobercu\/","headline":"O\u017eiven\u00ed koberc\u016f","url":"https:\/\/www.eluxcz.cz\/oziveni-kobercu\/","datePublished":"2022-04-04","dateModified":"2023-05-06","mainEntityOfPage":"https:\/\/www.eluxcz.cz\/oziveni-kobercu\/","author":{"@type":"Person","@id":"https:\/\/www.eluxcz.cz\/author\/#Person","name":"","url":"https:\/\/www.eluxcz.cz\/author\/","identifier":1,"image":{"@type":"ImageObject","@id":"https:\/\/secure.gravatar.com\/avatar\/c36ac855b1ee9cce96e09824fb5426d6eaccd04233fbf51e04e067ccd1b5fe13?s=96&d=mm&r=g","url":"https:\/\/secure.gravatar.com\/avatar\/c36ac855b1ee9cce96e09824fb5426d6eaccd04233fbf51e04e067ccd1b5fe13?s=96&d=mm&r=g","height":96,"width":96}},"publisher":{"@type":"Organization","name":"eluxcz.cz","logo":{"@type":"ImageObject","@id":"\/logo.png","url":"\/logo.png","width":600,"height":60}},"image":{"@type":"ImageObject","@id":"https:\/\/www.eluxcz.cz\/wp-content\/uploads\/vacuum-cleaner-g249830a30_1920.jpg","url":"https:\/\/www.eluxcz.cz\/wp-content\/uploads\/vacuum-cleaner-g249830a30_1920.jpg","height":0,"width":0},"keywords":null},{"@type":"Article","@id":"https:\/\/www.eluxcz.cz\/pojd-se-naucit-hrat-na-hudebni-nastroj\/","headline":"Poj\u010f se nau\u010dit hr\u00e1t na hudebn\u00ed n\u00e1stroj","url":"https:\/\/www.eluxcz.cz\/pojd-se-naucit-hrat-na-hudebni-nastroj\/","datePublished":"2022-03-28","dateModified":"2023-05-06","mainEntityOfPage":"https:\/\/www.eluxcz.cz\/pojd-se-naucit-hrat-na-hudebni-nastroj\/","author":{"@type":"Person","@id":"https:\/\/www.eluxcz.cz\/author\/#Person","name":"","url":"https:\/\/www.eluxcz.cz\/author\/","identifier":1,"image":{"@type":"ImageObject","@id":"https:\/\/secure.gravatar.com\/avatar\/c36ac855b1ee9cce96e09824fb5426d6eaccd04233fbf51e04e067ccd1b5fe13?s=96&d=mm&r=g","url":"https:\/\/secure.gravatar.com\/avatar\/c36ac855b1ee9cce96e09824fb5426d6eaccd04233fbf51e04e067ccd1b5fe13?s=96&d=mm&r=g","height":96,"width":96}},"publisher":{"@type":"Organization","name":"eluxcz.cz","logo":{"@type":"ImageObject","@id":"\/logo.png","url":"\/logo.png","width":600,"height":60}},"image":{"@type":"ImageObject","@id":"https:\/\/www.eluxcz.cz\/wp-content\/uploads\/woman-gff7ec098b_640.jpg","url":"https:\/\/www.eluxcz.cz\/wp-content\/uploads\/woman-gff7ec098b_640.jpg","height":0,"width":0},"keywords":null},{"@type":"Article","@id":"https:\/\/www.eluxcz.cz\/kvalitni-stomatolog-je-zaklad-pece-o-zuby\/","headline":"Kvalitn\u00ed stomatolog je z\u00e1klad p\u00e9\u010de o zuby","url":"https:\/\/www.eluxcz.cz\/kvalitni-stomatolog-je-zaklad-pece-o-zuby\/","datePublished":"2022-02-08","dateModified":"2023-05-06","mainEntityOfPage":"https:\/\/www.eluxcz.cz\/kvalitni-stomatolog-je-zaklad-pece-o-zuby\/","author":{"@type":"Person","@id":"https:\/\/www.eluxcz.cz\/author\/#Person","name":"","url":"https:\/\/www.eluxcz.cz\/author\/","identifier":1,"image":{"@type":"ImageObject","@id":"https:\/\/secure.gravatar.com\/avatar\/c36ac855b1ee9cce96e09824fb5426d6eaccd04233fbf51e04e067ccd1b5fe13?s=96&d=mm&r=g","url":"https:\/\/secure.gravatar.com\/avatar\/c36ac855b1ee9cce96e09824fb5426d6eaccd04233fbf51e04e067ccd1b5fe13?s=96&d=mm&r=g","height":96,"width":96}},"publisher":{"@type":"Organization","name":"eluxcz.cz","logo":{"@type":"ImageObject","@id":"\/logo.png","url":"\/logo.png","width":600,"height":60}},"image":{"@type":"ImageObject","@id":"https:\/\/www.eluxcz.cz\/wp-content\/uploads\/pexels-evelina-zhu-5434017.jpg","url":"https:\/\/www.eluxcz.cz\/wp-content\/uploads\/pexels-evelina-zhu-5434017.jpg","height":0,"width":0},"keywords":null},{"@type":"Article","@id":"https:\/\/www.eluxcz.cz\/start-uspesne-firmy\/","headline":"Start \u00fasp\u011b\u0161n\u00e9 firmy","url":"https:\/\/www.eluxcz.cz\/start-uspesne-firmy\/","datePublished":"2022-01-14","dateModified":"2023-05-06","mainEntityOfPage":"https:\/\/www.eluxcz.cz\/start-uspesne-firmy\/","author":{"@type":"Person","@id":"https:\/\/www.eluxcz.cz\/author\/#Person","name":"","url":"https:\/\/www.eluxcz.cz\/author\/","identifier":1,"image":{"@type":"ImageObject","@id":"https:\/\/secure.gravatar.com\/avatar\/c36ac855b1ee9cce96e09824fb5426d6eaccd04233fbf51e04e067ccd1b5fe13?s=96&d=mm&r=g","url":"https:\/\/secure.gravatar.com\/avatar\/c36ac855b1ee9cce96e09824fb5426d6eaccd04233fbf51e04e067ccd1b5fe13?s=96&d=mm&r=g","height":96,"width":96}},"publisher":{"@type":"Organization","name":"eluxcz.cz","logo":{"@type":"ImageObject","@id":"\/logo.png","url":"\/logo.png","width":600,"height":60}},"image":{"@type":"ImageObject","@id":"https:\/\/www.eluxcz.cz\/wp-content\/uploads\/businessmen-4153904_960_720.jpg","url":"https:\/\/www.eluxcz.cz\/wp-content\/uploads\/businessmen-4153904_960_720.jpg","height":0,"width":0},"keywords":null},{"@type":"Article","@id":"https:\/\/www.eluxcz.cz\/different-hobby\/","headline":"Different hobby","url":"https:\/\/www.eluxcz.cz\/different-hobby\/","datePublished":"2021-12-23","dateModified":"2023-05-06","mainEntityOfPage":"https:\/\/www.eluxcz.cz\/different-hobby\/","author":{"@type":"Person","@id":"https:\/\/www.eluxcz.cz\/author\/#Person","name":"","url":"https:\/\/www.eluxcz.cz\/author\/","identifier":1,"image":{"@type":"ImageObject","@id":"https:\/\/secure.gravatar.com\/avatar\/c36ac855b1ee9cce96e09824fb5426d6eaccd04233fbf51e04e067ccd1b5fe13?s=96&d=mm&r=g","url":"https:\/\/secure.gravatar.com\/avatar\/c36ac855b1ee9cce96e09824fb5426d6eaccd04233fbf51e04e067ccd1b5fe13?s=96&d=mm&r=g","height":96,"width":96}},"publisher":{"@type":"Organization","name":"eluxcz.cz","logo":{"@type":"ImageObject","@id":"\/logo.png","url":"\/logo.png","width":600,"height":60}},"image":{"@type":"ImageObject","@id":"https:\/\/www.eluxcz.cz\/wp-content\/uploads\/fence-g8c1e52571_1920.jpg","url":"https:\/\/www.eluxcz.cz\/wp-content\/uploads\/fence-g8c1e52571_1920.jpg","height":0,"width":0},"keywords":null},{"@type":"Article","@id":"https:\/\/www.eluxcz.cz\/precizni-a-rychly-preklad-nemeckeho-jazyka\/","headline":"Precizn\u00ed a rychl\u00fd p\u0159eklad n\u011bmeck\u00e9ho jazyka","url":"https:\/\/www.eluxcz.cz\/precizni-a-rychly-preklad-nemeckeho-jazyka\/","datePublished":"2021-11-19","dateModified":"2023-05-06","mainEntityOfPage":"https:\/\/www.eluxcz.cz\/precizni-a-rychly-preklad-nemeckeho-jazyka\/","author":{"@type":"Person","@id":"https:\/\/www.eluxcz.cz\/author\/#Person","name":"","url":"https:\/\/www.eluxcz.cz\/author\/","identifier":1,"image":{"@type":"ImageObject","@id":"https:\/\/secure.gravatar.com\/avatar\/c36ac855b1ee9cce96e09824fb5426d6eaccd04233fbf51e04e067ccd1b5fe13?s=96&d=mm&r=g","url":"https:\/\/secure.gravatar.com\/avatar\/c36ac855b1ee9cce96e09824fb5426d6eaccd04233fbf51e04e067ccd1b5fe13?s=96&d=mm&r=g","height":96,"width":96}},"publisher":{"@type":"Organization","name":"eluxcz.cz","logo":{"@type":"ImageObject","@id":"\/logo.png","url":"\/logo.png","width":600,"height":60}},"image":{"@type":"ImageObject","@id":"https:\/\/www.eluxcz.cz\/wp-content\/uploads\/Pan%C3%A1%C4%8Dek-s-otazn%C3%ADkem.png","url":"https:\/\/www.eluxcz.cz\/wp-content\/uploads\/Pan%C3%A1%C4%8Dek-s-otazn%C3%ADkem.png","height":0,"width":0},"keywords":null}]}