[{"@context":"https:\/\/schema.org\/","@type":"Article","@id":"https:\/\/www.eluxcz.cz\/celorocni-vyuziti-hlinikove-pergoly\/#Article","mainEntityOfPage":"https:\/\/www.eluxcz.cz\/celorocni-vyuziti-hlinikove-pergoly\/","headline":"Celoro\u010dn\u00ed vyu\u017eit\u00ed hlin\u00edkov\u00e9 pergoly","name":"Celoro\u010dn\u00ed vyu\u017eit\u00ed hlin\u00edkov\u00e9 pergoly","description":"\u00da\u010dinn\u00e9 zast\u0159e\u0161en\u00ed, kter\u00e9 v\u00e1s ochr\u00e1n\u00ed p\u0159ed ve\u0161ker\u00fdmi rozmary po\u010das\u00ed. Mezi v\u00fdhody hlin\u00edkov\u00e9 pergoly n\u00e1le\u017e\u00ed fakt, \u017ee p\u0159in\u00e1\u0161\u00ed komfort v r\u00e1mci vyu\u017eit\u00ed nejen v hork\u00fdch dnech,...","datePublished":"2018-08-05","dateModified":"2023-05-06","author":{"@type":"Person","@id":"https:\/\/www.eluxcz.cz\/author\/#Person","name":"","url":"https:\/\/www.eluxcz.cz\/author\/","identifier":1,"image":{"@type":"ImageObject","@id":"https:\/\/secure.gravatar.com\/avatar\/c36ac855b1ee9cce96e09824fb5426d6eaccd04233fbf51e04e067ccd1b5fe13?s=96&d=mm&r=g","url":"https:\/\/secure.gravatar.com\/avatar\/c36ac855b1ee9cce96e09824fb5426d6eaccd04233fbf51e04e067ccd1b5fe13?s=96&d=mm&r=g","height":96,"width":96}},"publisher":{"@type":"Organization","name":"eluxcz.cz","logo":{"@type":"ImageObject","@id":"\/logo.png","url":"\/logo.png","width":600,"height":60}},"image":{"@type":"ImageObject","@id":"https:\/\/www.eluxcz.cz\/wp-content\/uploads\/img_a323623_w2445_t1535362487.jpg","url":"https:\/\/www.eluxcz.cz\/wp-content\/uploads\/img_a323623_w2445_t1535362487.jpg","height":0,"width":0},"url":"https:\/\/www.eluxcz.cz\/celorocni-vyuziti-hlinikove-pergoly\/","about":["V\u00fdrobky"],"wordCount":437,"articleBody":"\u00da\u010dinn\u00e9 zast\u0159e\u0161en\u00ed, kter\u00e9 v\u00e1s ochr\u00e1n\u00ed p\u0159ed ve\u0161ker\u00fdmi rozmary po\u010das\u00ed. Mezi v\u00fdhody hlin\u00edkov\u00e9 pergoly n\u00e1le\u017e\u00ed fakt, \u017ee p\u0159in\u00e1\u0161\u00ed komfort v r\u00e1mci vyu\u017eit\u00ed nejen v hork\u00fdch dnech, ale tak\u00e9 v chladn\u00fdch, v\u011btrn\u00fdch \u010di de\u0161tiv\u00fdch. Ochr\u00e1n\u00ed v\u00e1s p\u0159ed sluncem i de\u0161t\u011bm. Podstata spo\u010d\u00edv\u00e1 ve vysok\u00e9 odolnosti materi\u00e1lu i v\u016f\u010di st\u00e1rnut\u00ed, korozi a jin\u00fdm typ\u016fm po\u0161kozen\u00ed.&#13; Na m\u00edru dle va\u0161ich p\u0159edstav&#13; &#13; Garance v\u00fdroby hlin\u00edkov\u00e9 pergoly z origin\u00e1ln\u00edch d\u00edl\u016f. K v\u00fdrob\u011b jsou pou\u017eity profily \u010dtvercov\u00e9ho tvaru. Jedn\u00e1 se o celohlin\u00edkov\u00fd stavebnicov\u00fd syst\u00e9m, kde tak hlin\u00edkov\u00fd profil tvo\u0159\u00ed nejv\u00fdzna\u010dn\u011bj\u0161\u00ed celek. Syst\u00e9m umo\u017e\u0148uje a poskytuje varianty pou\u017eit\u00ed p\u0159i zachov\u00e1n\u00ed jednoduchosti mont\u00e1\u017ee. \u017divotnost syst\u00e9mu je velice vysok\u00e1.&#13; \u0160irok\u00e9 spektrum vyu\u017eit\u00ed&#13; &#13; Zast\u0159e\u0161en\u00e1 verze je ide\u00e1ln\u00edm m\u00edstem k relaxaci, ke tr\u00e1ven\u00ed odpo\u010dinku a \u010dasu s rodinou i p\u0159\u00e1teli, stejn\u011b tak i k po\u0159\u00e1d\u00e1n\u00ed r\u016fzn\u00fdch oslav \u010di zahradn\u00ed p\u00e1rty. M\u016f\u017ee slou\u017eit i jako venkovn\u00ed pracovn\u00ed m\u00edsto, rovn\u011b\u017e tak i jako prostor pro uskladn\u011bn\u00ed d\u0159eva \u010di pro zahradn\u00ed techniku. Takt\u00e9\u017e lze pou\u017e\u00edt jako adekv\u00e1tn\u00ed n\u00e1hradu pro kryt\u00e9 st\u00e1n\u00ed automobilu. M\u016f\u017ee b\u00fdt prvkem pro snadn\u00e9 roz\u0161\u00ed\u0159en\u00ed zimn\u00ed zahrady.&#13; Interesantn\u00ed design&#13; &#13; Jedn\u00e1 se o typ pergoly, kter\u00e1 oproti d\u0159ev\u011bn\u00e9 \u010di zd\u011bn\u00e9 m\u00e1 mnoho v\u00fdhod. Jednou z nich, kter\u00e1 je bezpochyby evidentn\u011b vid\u011bt na prvn\u00ed pohled, je modern\u00ed a sv\u011b\u017e\u00ed design, jen\u017e dokonale lad\u00ed s cel\u00fdm okol\u00edm a ka\u017ed\u00fdm stylem. Z tohoto d\u016fvodu pln\u00ed efektivn\u011b i dekorativn\u00ed funkci. P\u0159\u00edtomnost pergoly va\u0161i zahradu je\u0161t\u011b v\u00edce zkr\u00e1\u0161l\u00ed.&#13; Ide\u00e1ln\u00ed i pro zimn\u00ed dny&#13; &#13; Chcete si vychutnat rodinnou pohodu a relax na va\u0161\u00ed zahrad\u011b i v chladn\u00fdch dnech? V\u0161e je d\u00edky hlin\u00edkov\u00e9 pergole re\u00e1ln\u00e9. V zim\u011b se tak m\u016f\u017eete schoulit v k\u0159esle, zachumlat do deky a s hork\u00fdm pun\u010dem \u010di sva\u0159\u00e1kem sledovat poletuj\u00edc\u00ed sn\u00edh. Nebo jen tak si vychutnat pohled na va\u0161i zimn\u00ed zahradu a b\u00fdt chr\u00e1n\u011bni p\u0159ed de\u0161t\u011bm i sn\u011bhem.&#13; &#13; S\u00edla spo\u010d\u00edv\u00e1 v dlouh\u00e9 \u017eivotnosti. Neopomenuteln\u00fdm faktem je, \u017ee je tento druh pergoly je tak\u0159ka bez \u00fadr\u017eby. D\u00edky kvalitn\u00ed povrchov\u00e9 \u00faprav\u011b nevy\u017eaduje p\u00e9\u010di jako d\u0159even\u00e1 pergola.                                                                                                                                                                                                                                                                                                                                                                                        4.3\/5 - (10 votes)        "},{"@context":"https:\/\/schema.org\/","@type":"BreadcrumbList","itemListElement":[{"@type":"ListItem","position":1,"name":"Celoro\u010dn\u00ed vyu\u017eit\u00ed hlin\u00edkov\u00e9 pergoly","item":"https:\/\/www.eluxcz.cz\/celorocni-vyuziti-hlinikove-pergoly\/#breadcrumbitem"}]}]