[{"@context":"https:\/\/schema.org\/","@type":"Article","@id":"https:\/\/www.eluxcz.cz\/eutanazie-aneb-dobrovolna-smrt\/#Article","mainEntityOfPage":"https:\/\/www.eluxcz.cz\/eutanazie-aneb-dobrovolna-smrt\/","headline":"Eutanazie aneb dobrovoln\u00e1 smrt","name":"Eutanazie aneb dobrovoln\u00e1 smrt","description":"V\u011bt\u0161ina z\u00a0n\u00e1s se minim\u00e1ln\u011b jedenkr\u00e1t za \u017eivot setk\u00e1 s\u00a0t\u00edm, \u017ee star\u0161\u00ed p\u0159\u00edbuzn\u00fd v\u00a0rodin\u011b, kter\u00e9mu je kolem 80 \u2013 90 let, je postupem \u010dasu trvale uv\u00e1z\u00e1n...","datePublished":"2019-09-02","dateModified":"2023-05-06","author":{"@type":"Person","@id":"https:\/\/www.eluxcz.cz\/author\/#Person","name":"","url":"https:\/\/www.eluxcz.cz\/author\/","identifier":1,"image":{"@type":"ImageObject","@id":"https:\/\/secure.gravatar.com\/avatar\/c36ac855b1ee9cce96e09824fb5426d6eaccd04233fbf51e04e067ccd1b5fe13?s=96&d=mm&r=g","url":"https:\/\/secure.gravatar.com\/avatar\/c36ac855b1ee9cce96e09824fb5426d6eaccd04233fbf51e04e067ccd1b5fe13?s=96&d=mm&r=g","height":96,"width":96}},"publisher":{"@type":"Organization","name":"eluxcz.cz","logo":{"@type":"ImageObject","@id":"\/logo.png","url":"\/logo.png","width":600,"height":60}},"image":{"@type":"ImageObject","@id":"https:\/\/www.eluxcz.cz\/wp-content\/uploads\/img_a355023_w3182_t1569485259.jpg","url":"https:\/\/www.eluxcz.cz\/wp-content\/uploads\/img_a355023_w3182_t1569485259.jpg","height":0,"width":0},"url":"https:\/\/www.eluxcz.cz\/eutanazie-aneb-dobrovolna-smrt\/","about":["Zdrav\u00ed"],"wordCount":592,"articleBody":"V\u011bt\u0161ina z\u00a0n\u00e1s se minim\u00e1ln\u011b jedenkr\u00e1t za \u017eivot setk\u00e1 s\u00a0t\u00edm, \u017ee star\u0161\u00ed p\u0159\u00edbuzn\u00fd v\u00a0rodin\u011b, kter\u00e9mu je kolem 80 \u2013 90 let, je postupem \u010dasu trvale uv\u00e1z\u00e1n na l\u016f\u017eko, kde jeho \u017eivot \u0159\u00edd\u00ed p\u0159\u00edstroje. Av\u0161ak kolikr\u00e1t v\u00a0tomto p\u0159\u00edpad\u011b ani v\u011bk nehraje roli, jeliko\u017e nikdo z\u00a0n\u00e1s nikdy nev\u00ed, co dobr\u00e9ho i zl\u00e9ho ho v\u00a0\u017eivot\u011b potk\u00e1. Stoj\u00ed v\u0161ak za to \u017e\u00edt d\u00e1l, nebo je lep\u0161\u00ed nechat dan\u00e9ho \u010dlov\u011bka odej\u00edt, aby m\u011bl sv\u016fj klid?J\u00e1 osobn\u011b se p\u0159ikl\u00e1n\u00edm k\u00a0t\u00e9 druh\u00e9 variant\u011b, jeliko\u017e bych sama necht\u011bla, aby m\u011b chodily moje d\u011bti nav\u0161t\u011bvovat n\u011bkam do nemocnice, a j\u00e1 bych ani nev\u011bd\u011bla, kdo za mnou p\u0159i\u0161el a pro\u010d. A hlavn\u011b bych si nep\u0159\u00e1la, aby se t\u00edm lid\u00e9 okolo m\u011b zbyte\u010dn\u011b tr\u00e1pili, proto\u017ee ka\u017ed\u00fd z\u00a0n\u00e1s m\u00e1 naps\u00e1n jin\u00fd konec \u017eivotn\u00edho p\u0159\u00edb\u011bhu. Lid\u00e9 v\u00a0t\u011bchto stavech jsou v\u00a0t\u00e9 dob\u011b ji\u017e jen t\u011blesnou schr\u00e1nkou, a ne t\u011bmi skv\u011bl\u00fdmi a l\u00e1skypln\u00fdmi osobami, kter\u00e9 jsme znali d\u0159\u00edve. Kolikr\u00e1t se tedy m\u016f\u017ee st\u00e1t, \u017ee m\u00edsto t\u00e9 milou\u010dk\u00e9 maminky a babi\u010dky najdete na l\u016f\u017eku smutnou starou pan\u00ed, kter\u00e1 nev\u00ed nic o okoln\u00edm sv\u011bt\u011b.Nejd\u016fle\u017eit\u011bj\u0161\u00ed dle m\u00e9ho n\u00e1zoru je, aby prarodi\u010de v\u00a0tomto stavu nevid\u011bla vnou\u010data, jeliko\u017e pokud by byla je\u0161t\u011b moc mal\u00e1, tak kolem 6 \u2013 8 let, nemusela by pochopit, co se to zrovna d\u011bje, a byla by z\u00a0toho moc \u0161patn\u00e1. Samoz\u0159ejm\u011b, \u017ee je to \u0161patn\u00e9 i pro d\u011bti takto \u201e\u017eij\u00edc\u00edch\u201c osob, av\u0161ak oni sp\u00ed\u0161e se s\u00a0t\u00edm vyrovnaj\u00ed, i kdy\u017e je to samoz\u0159ejm\u011b b\u011bh na dlouhou tra\u0165. P\u0159eci jen vztah rodi\u010d\u016f a d\u011bt\u00ed si za cel\u00e1 ta l\u00e9ta pro\u0161el v\u0161\u00edm mo\u017en\u00fdm, tud\u00ed\u017e se jedn\u00e1 o pouto siln\u011bj\u0161\u00ed ne\u017e mezi vnou\u010detem a prarodi\u010dem.Zkr\u00e1tka a dob\u0159e, m\u011bli bychom si ve\u0161ker\u00e9 velmi nemocn\u00e9 \u010di zesnul\u00e9 p\u0159\u00edbuzn\u00e9 pamatovat z\u00a0t\u00e9 doby, kdy jsme s\u00a0nimi z\u00edsk\u00e1vali ty kr\u00e1sn\u00e9 z\u00e1\u017eitky \u2013 z\u00a0doby, kdy s\u00a0n\u00e1mi r\u00e1di tr\u00e1vili voln\u00fd \u010das a bavili se s\u00a0n\u00e1mi o v\u0161em mo\u017en\u00e9. Je jist\u00e9, \u017ee z\u00a0po\u010d\u00e1tku n\u00e1m dan\u00e1 osoba bude velmi chyb\u011bt a budeme ji mo\u017en\u00e1 i na spoust\u011b m\u00edst vid\u011bt, ale v\u011b\u0159te, \u017ee ona u\u017e se bude m\u00edt jen a je dob\u0159e. Jak\u00fd je v\u0161ak stav dobrovoln\u00e9ho usmrcen\u00ed dle \u010desk\u00e9ho pr\u00e1vn\u00ed \u0159\u00e1du?Z\u00a0pohledu trestn\u00edho pr\u00e1va se jedn\u00e1 o v\u011bc zcela zak\u00e1zanou, kter\u00e1 je po uskute\u010dn\u011bn\u00ed sankciov\u00e1na stejn\u011b jako sp\u00e1ch\u00e1n\u00ed trestn\u00e9ho \u010dinu vra\u017edy. Je v\u0161ak zaj\u00edmav\u00e9, \u017ee p\u0159i nahl\u00e9dnut\u00ed do n\u011bkolika evropsk\u00fdch \u00fastav, tedy do z\u00e1kladn\u00edho z\u00e1kona N\u011bmecka, Polska, Rakouska a \u0160v\u00fdcarska zjist\u00edme, \u017ee je zde zavedena ni\u017e\u0161\u00ed trestn\u00ed sazba, ne\u017e u trestn\u00fdch \u010din\u016f, kter\u00e9 jsou norm\u00e1ln\u011b ozna\u010dov\u00e1ny jako vra\u017eda. Podm\u00ednkou v\u0161ak je, aby \u017e\u00e1dost byla vyslovena, my\u0161lena v\u00e1\u017en\u011b, pevn\u00e1 a jednozna\u010dn\u00e1. Ji\u017e tento fakt d\u00e1v\u00e1 nad\u011bji, \u017ee se v\u00a0budoucnu t\u0159eba n\u011bco zm\u011bn\u00ed.                                                                                                                                                                                                                                                                                                                                                                                        4\/5 - (10 votes)        "},{"@context":"https:\/\/schema.org\/","@type":"BreadcrumbList","itemListElement":[{"@type":"ListItem","position":1,"name":"Eutanazie aneb dobrovoln\u00e1 smrt","item":"https:\/\/www.eluxcz.cz\/eutanazie-aneb-dobrovolna-smrt\/#breadcrumbitem"}]}]