[{"@context":"https:\/\/schema.org\/","@type":"Article","@id":"https:\/\/www.eluxcz.cz\/huste-a-vybarvene-oboci-nikdy-to-nebylo-snazsi\/#Article","mainEntityOfPage":"https:\/\/www.eluxcz.cz\/huste-a-vybarvene-oboci-nikdy-to-nebylo-snazsi\/","headline":"Hust\u00e9 a vybarven\u00e9 obo\u010d\u00ed? Nikdy to nebylo snaz\u0161\u00ed!","name":"Hust\u00e9 a vybarven\u00e9 obo\u010d\u00ed? Nikdy to nebylo snaz\u0161\u00ed!","description":"Pokud se v\u00e1m zd\u00e1 va\u0161e tv\u00e1\u0159 nev\u00fdrazn\u00e1 a nikterak se nel\u00ed\u010d\u00edte, pozorn\u011b si prohl\u00e9dn\u011bte obo\u010d\u00ed, kter\u00e9 lemuje va\u0161e o\u010di. P\u0159ib\u00fdvaj\u00edc\u00edmi lety za\u010d\u00ednaj\u00ed m\u011bnit barvu nejen...","datePublished":"2020-11-30","dateModified":"2023-05-06","author":{"@type":"Person","@id":"https:\/\/www.eluxcz.cz\/author\/#Person","name":"","url":"https:\/\/www.eluxcz.cz\/author\/","identifier":1,"image":{"@type":"ImageObject","@id":"https:\/\/secure.gravatar.com\/avatar\/c36ac855b1ee9cce96e09824fb5426d6eaccd04233fbf51e04e067ccd1b5fe13?s=96&d=mm&r=g","url":"https:\/\/secure.gravatar.com\/avatar\/c36ac855b1ee9cce96e09824fb5426d6eaccd04233fbf51e04e067ccd1b5fe13?s=96&d=mm&r=g","height":96,"width":96}},"publisher":{"@type":"Organization","name":"eluxcz.cz","logo":{"@type":"ImageObject","@id":"\/logo.png","url":"\/logo.png","width":600,"height":60}},"image":{"@type":"ImageObject","@id":"https:\/\/www.eluxcz.cz\/wp-content\/uploads\/o%C4%8Di%20a%20obo%C4%8D%C3%AD.jpg","url":"https:\/\/www.eluxcz.cz\/wp-content\/uploads\/o%C4%8Di%20a%20obo%C4%8D%C3%AD.jpg","height":0,"width":0},"url":"https:\/\/www.eluxcz.cz\/huste-a-vybarvene-oboci-nikdy-to-nebylo-snazsi\/","about":["V\u00fdrobky"],"wordCount":471,"articleBody":"   Pokud se v\u00e1m zd\u00e1 va\u0161e tv\u00e1\u0159 nev\u00fdrazn\u00e1 a nikterak se nel\u00ed\u010d\u00edte, pozorn\u011b si prohl\u00e9dn\u011bte obo\u010d\u00ed, kter\u00e9 lemuje va\u0161e o\u010di. P\u0159ib\u00fdvaj\u00edc\u00edmi lety za\u010d\u00ednaj\u00ed m\u011bnit barvu nejen vlasy, ale bohu\u017eel i tyto nen\u00e1padn\u00e9 chloupky. Vlas\u016fm se \u017eeny permanentn\u011b v\u011bnuj\u00ed a s oblibou nav\u0161t\u011bvuj\u00ed profesion\u00e1ln\u00ed kade\u0159nick\u00e9 salony, aby kade\u0159nice jejich chloub\u011b vr\u00e1tily p\u016fvodn\u00ed barvu anebo vlasy o\u017eivily p\u0159elivem. Necht\u011bj\u00ed se sm\u00ed\u0159it s \u0161ediv\u011bn\u00edm vlas\u016f. Ale u\u017e m\u00e1lokter\u00e1 d\u00e1ma v\u011bnuje pozornost sv\u00e9mu \u201elemuj\u00edc\u00edmu \u00fatvaru\u201c, kter\u00e9 s postupuj\u00edc\u00edm v\u011bkem tak\u00e9 ztr\u00e1c\u00ed barvu a bohu\u017eel m\u00edsty i pro\u0159\u00eddne. Obli\u010dej, zvl\u00e1\u0161t\u011b, pokud se nel\u00ed\u010d\u00edte a nepou\u017e\u00edv\u00e1te \u017e\u00e1dn\u00fd make-up, dost\u00e1v\u00e1 unaven\u00fd vzhled a pocit p\u0159ed\u010dasn\u00e9ho st\u00e1rnut\u00ed.D\u00e1my objevily permanentn\u00ed make-up, co\u017e je v posledn\u00edch letech obrovsk\u00fd boom. Ale obn\u00e1\u0161\u00ed to u\u017e n\u011bjakou starost, nehled\u011b na to, \u017ee to nen\u00ed levn\u00e1 z\u00e1le\u017eitost. Mus\u00edte po\u010d\u00edtat s ur\u010ditou \u010dasovou rezervou, kdy nav\u0161t\u00edv\u00edte stylistu ke konzultaci, pot\u00e9 k samotn\u00e9mu v\u00fdkonu a po dohod\u011b se dostav\u00edte op\u011bt na dokreslen\u00ed. \u201eTetov\u00e1n\u00ed\u201c nem\u00e1 v\u011b\u010dn\u00e9ho trv\u00e1n\u00ed a mus\u00ed se po p\u00e1r letech znovu opakovat a ne v\u017edy je to bezbolestn\u00fd v\u00fdkon. Jedn\u00e1 se vlastn\u011b o \u201edo\u010dasn\u00e9 nal\u00ed\u010den\u00ed\u201c.Kde\u017eto, kdy\u017e nechcete podstoupit tuto cestu za zkr\u00e1\u0161len\u00edm obli\u010deje, vyu\u017eijte dekorativn\u00ed prost\u0159edek, kter\u00fd v\u00e1m zaru\u010d\u00ed b e z b o l e s t n \u00e9 kr\u00e1sn\u00e9 hust\u00e9 obo\u010d\u00ed a dokonce i bez n\u00e1v\u0161t\u011bvy stylisty.Nikdy to nebylo snaz\u0161\u00ed.K dokonale hust\u00e9mu a soum\u011brn\u011b vybarven\u00e9mu obo\u010d\u00ed, kter\u00e9 bude v\u00fdrazn\u011b lemovat va\u0161e o\u010di, se dostanete d\u00edky s\u00e9ru na r\u016fst obo\u010d\u00ed. Jeho pou\u017eit\u00ed je velmi snadn\u00e9. Ka\u017ed\u00e9 r\u00e1no a pot\u00e9 ve\u010der p\u0159ed span\u00edm ho nanesete \u0159asenkou opatrn\u011b na such\u00e9 a \u010dist\u00e9 kontury, kter\u00e9 defacto kop\u00edrujete. A takto postupujete ka\u017ed\u00fd den, posta\u010duje tedy nan\u00e9st s\u00e9rum dvakr\u00e1t denn\u011b. Po nanesen\u00ed nechte alespo\u0148 p\u011bt minut zaschnout. Prvn\u00ed v\u00fdsledky objev\u00edte ji\u017e po m\u011bs\u00edci, ale k pln\u00e9 dokonalosti t\u00e9to metody bude zapot\u0159eb\u00ed cca t\u0159ech m\u011bs\u00edc\u016f, abyste vyt\u011b\u017eila z tohoto p\u0159\u00edrodn\u00edho p\u0159\u00edpravku maximum. Pokra\u010dujte i nad\u00e1le v zapo\u010dat\u00e9 p\u00e9\u010di a v\u011b\u0159te, \u017ee va\u0161e op\u011bt pln\u00e9 a kr\u00e1sn\u011b zabarven\u00e9 obo\u010d\u00ed v\u00e1m vykouzl\u00ed \u0161\u0165astn\u00fd \u00fasm\u011bv na tv\u00e1\u0159i. A perli\u010dka na z\u00e1v\u011br: Toto s\u00e9rum je vhodn\u00e9 i pro citliv\u00e9 o\u010di.                                                                                                                                                                                                                                                                                                                                                                                         4\/5 - (2 votes)        "},{"@context":"https:\/\/schema.org\/","@type":"BreadcrumbList","itemListElement":[{"@type":"ListItem","position":1,"name":"Hust\u00e9 a vybarven\u00e9 obo\u010d\u00ed? Nikdy to nebylo snaz\u0161\u00ed!","item":"https:\/\/www.eluxcz.cz\/huste-a-vybarvene-oboci-nikdy-to-nebylo-snazsi\/#breadcrumbitem"}]}]