[{"@context":"https:\/\/schema.org\/","@type":"Article","@id":"https:\/\/www.eluxcz.cz\/kde-nas-najdete\/#Article","mainEntityOfPage":"https:\/\/www.eluxcz.cz\/kde-nas-najdete\/","headline":"Kde n\u00e1s najdete","name":"Kde n\u00e1s najdete","description":"Na\u0161e spole\u010dnost, kter\u00e1 V\u00e1m nab\u00edz\u00ed opravdu \u0161irok\u00fd sortiment, a\u0165 u\u017e se jedn\u00e1 o boty Vans \u010di o jin\u00e9 produkty, kter\u00e9 si ur\u010dit\u011b zamilujete, s\u00eddl\u00ed v...","datePublished":"2023-07-27","dateModified":"2023-07-27","author":{"@type":"Person","@id":"https:\/\/www.eluxcz.cz\/author\/#Person","name":"","url":"https:\/\/www.eluxcz.cz\/author\/","identifier":1,"image":{"@type":"ImageObject","@id":"https:\/\/secure.gravatar.com\/avatar\/c36ac855b1ee9cce96e09824fb5426d6eaccd04233fbf51e04e067ccd1b5fe13?s=96&d=mm&r=g","url":"https:\/\/secure.gravatar.com\/avatar\/c36ac855b1ee9cce96e09824fb5426d6eaccd04233fbf51e04e067ccd1b5fe13?s=96&d=mm&r=g","height":96,"width":96}},"publisher":{"@type":"Organization","name":"eluxcz.cz","logo":{"@type":"ImageObject","@id":"\/logo.png","url":"\/logo.png","width":600,"height":60}},"url":"https:\/\/www.eluxcz.cz\/kde-nas-najdete\/","wordCount":286,"articleBody":"Na\u0161e spole\u010dnost, kter\u00e1 V\u00e1m nab\u00edz\u00ed opravdu \u0161irok\u00fd sortiment, a\u0165 u\u017e se jedn\u00e1 o boty Vans \u010di o jin\u00e9 produkty, kter\u00e9 si ur\u010dit\u011b zamilujete, s\u00eddl\u00ed v Hradci Kr\u00e1lov\u00e9, tak\u017ee jestli poch\u00e1z\u00edte odn\u011bkud pobl\u00ed\u017e, rozhodn\u011b n\u00e1s nav\u0161tivte a p\u0159esv\u011bd\u010dte se na vlastn\u00ed k\u016f\u017ei o dokonalosti na\u0161ich slu\u017eeb. Zam\u011bstn\u00e1v\u00e1me sam\u00e9 ochotn\u00e9 a p\u0159\u00edjemn\u00e9 pracovn\u00edky, kte\u0159\u00ed se V\u00e1m budou v\u011bnovat a Vy budete odch\u00e1zet ve velice dobr\u00e9 n\u00e1lad\u011b a nav\u00edc s novou obuv\u00ed, \u010di n\u011bjak\u00fdm jin\u00fdm oble\u010den\u00edm. Ke ka\u017ed\u00e9mu z\u00e1kazn\u00edkovi p\u0159istupujeme individu\u00e1ln\u011b, tak\u017ee se rozhodn\u011b nemus\u00edte b\u00e1t, \u017ee byste byli nespokojen\u00ed. V\u0161echno, co naleznete na na\u0161em e-shopu, je skladem i na prodejn\u011b, tak\u017ee se m\u016f\u017eete pod\u00edvat na na\u0161e internetov\u00e9 str\u00e1nky, co je dostupn\u00e9 a obuv si k n\u00e1m m\u016f\u017eete p\u0159ijet vyzkou\u0161et. Nev\u00e1hejte s n\u00e1v\u0161t\u011bvou u n\u00e1s a p\u0159ije\u010fte je\u0161t\u011b dnes! Jsme tu pro V\u00e1s ka\u017ed\u00fd den, krom\u011b ned\u011ble. Budeme se t\u011b\u0161it!R\u016fzn\u00e9 slevyChceme, abyste byli s na\u0161imi slu\u017ebami co nejv\u00edce spokojeni, proto na na\u0161ich internetov\u00fdch str\u00e1nk\u00e1ch naleznete r\u016fzn\u00e9 slevy, d\u00edky kter\u00fdm u\u0161et\u0159\u00edte obrovsk\u00e9 mno\u017estv\u00ed finan\u010dn\u00edch prost\u0159edk\u016f. Po\u0159i\u010fte si boty Vans, kter\u00e9 mohou b\u00fdt zlevn\u011bn\u00e9 i v\u00edce ne\u017e o polovinu. Neprop\u00e1sn\u011bte tuto jedine\u010dnou nab\u00eddku a objedn\u00e1vejte si tyto fantastick\u00e9 produkty pr\u00e1v\u011b u n\u00e1s.                                                                                                                                                                                                                                                                                                                                                                                        3.7\/5 - (6 votes)        "},{"@context":"https:\/\/schema.org\/","@type":"BreadcrumbList","itemListElement":[{"@type":"ListItem","position":1,"name":"Kde n\u00e1s najdete","item":"https:\/\/www.eluxcz.cz\/kde-nas-najdete\/#breadcrumbitem"}]}]