[{"@context":"https:\/\/schema.org\/","@type":"Article","@id":"https:\/\/www.eluxcz.cz\/mozna-predcime-i-vase-ocekavani\/#Article","mainEntityOfPage":"https:\/\/www.eluxcz.cz\/mozna-predcime-i-vase-ocekavani\/","headline":"Mo\u017en\u00e1 p\u0159ed\u010d\u00edme i va\u0161e o\u010dek\u00e1v\u00e1n\u00ed!","name":"Mo\u017en\u00e1 p\u0159ed\u010d\u00edme i va\u0161e o\u010dek\u00e1v\u00e1n\u00ed!","description":"Nem\u00e1te kam slo\u017eit hlavu s va\u0161\u00edm mal\u00fdm d\u00edt\u011btem? Ut\u00edk\u00e1te od agresivn\u00edho man\u017eela a hled\u00e1te \u00fato\u010di\u0161t\u011b? Naprosto v\u00e1s ch\u00e1peme, vlastn\u00ed rodi\u010de pro v\u00e1s nemaj\u00ed dostatek pochopen\u00ed...","datePublished":"2024-12-29","dateModified":"2024-12-29","author":{"@type":"Person","@id":"https:\/\/www.eluxcz.cz\/author\/#Person","name":"","url":"https:\/\/www.eluxcz.cz\/author\/","identifier":1,"image":{"@type":"ImageObject","@id":"https:\/\/secure.gravatar.com\/avatar\/c36ac855b1ee9cce96e09824fb5426d6eaccd04233fbf51e04e067ccd1b5fe13?s=96&d=mm&r=g","url":"https:\/\/secure.gravatar.com\/avatar\/c36ac855b1ee9cce96e09824fb5426d6eaccd04233fbf51e04e067ccd1b5fe13?s=96&d=mm&r=g","height":96,"width":96}},"publisher":{"@type":"Organization","name":"eluxcz.cz","logo":{"@type":"ImageObject","@id":"\/logo.png","url":"\/logo.png","width":600,"height":60}},"url":"https:\/\/www.eluxcz.cz\/mozna-predcime-i-vase-ocekavani\/","wordCount":171,"articleBody":" Nem\u00e1te kam slo\u017eit hlavu s va\u0161\u00edm mal\u00fdm d\u00edt\u011btem? Ut\u00edk\u00e1te od agresivn\u00edho man\u017eela a hled\u00e1te \u00fato\u010di\u0161t\u011b? Naprosto v\u00e1s ch\u00e1peme, vlastn\u00ed rodi\u010de pro v\u00e1s nemaj\u00ed dostatek pochopen\u00ed a bydlet u va\u0161ich p\u0159\u00e1tel tak\u00e9 dlouhodob\u011b nen\u00ed mo\u017en\u00e9. Mo\u017en\u00e1 na jednu a\u017e t\u0159i noci v\u00e1s u sebe nechaj\u00ed, ale pak budete poci\u0165ovat dojem, \u017ee skute\u010dn\u011b p\u0159ek\u00e1\u017e\u00edte a mus\u00edte se um\u011bt o sebe postarat sama. Sh\u00e1n\u00edte levn\u00e9 ubytov\u00e1n\u00ed v Praze? Pak jste na nejlep\u0161\u00ed cest\u011b sehnat skute\u010dn\u011b poctiv\u00e9 a slu\u0161n\u00e9 bydlen\u00ed. Mo\u017en\u00e1 dokonce p\u0159ed\u010d\u00edme i va\u0161e o\u010dek\u00e1v\u00e1n\u00ed! Je na\u010dase se poohl\u00e9dnout jinde Levn\u00e9 ubytov\u00e1n\u00ed Praha je \u0161anc\u00ed pro v\u0161echny maminky, kter\u00e9 se rozhodly vz\u00edt \u017eivot do vlastn\u00edch rukou a odej\u00edt od n\u00e1silnick\u00e9ho partnera! Neshody v rodin\u011b mal\u00e9mu d\u00edtku skute\u010dn\u011b nep\u0159idaj\u00ed.                                                                                                                                                                                                                                                                                                                                                                                        3.5\/5 - (2 votes)        "},{"@context":"https:\/\/schema.org\/","@type":"BreadcrumbList","itemListElement":[{"@type":"ListItem","position":1,"name":"Mo\u017en\u00e1 p\u0159ed\u010d\u00edme i va\u0161e o\u010dek\u00e1v\u00e1n\u00ed!","item":"https:\/\/www.eluxcz.cz\/mozna-predcime-i-vase-ocekavani\/#breadcrumbitem"}]}]