[{"@context":"https:\/\/schema.org\/","@type":"Article","@id":"https:\/\/www.eluxcz.cz\/mycka-jako-darek\/#Article","mainEntityOfPage":"https:\/\/www.eluxcz.cz\/mycka-jako-darek\/","headline":"My\u010dka jako d\u00e1rek","name":"My\u010dka jako d\u00e1rek","description":"A pro\u010d ne? Pro\u010d kone\u010dn\u011b neza\u010d\u00edt kupovat k narozenin\u00e1m, v\u00e1noc\u016fm, nebo jin\u00fdm p\u0159\u00edle\u017eitostem zbo\u017e\u00ed s n\u00e1padem! Pro\u010d nep\u0159estat s t\u011bmi k\u00fd\u010dovit\u00fdmi, nic ne\u0159\u00edkaj\u00edc\u00edmi d\u00e1rky, kter\u00e9...","datePublished":"2023-10-14","dateModified":"2023-10-14","author":{"@type":"Person","@id":"https:\/\/www.eluxcz.cz\/author\/#Person","name":"","url":"https:\/\/www.eluxcz.cz\/author\/","identifier":1,"image":{"@type":"ImageObject","@id":"https:\/\/secure.gravatar.com\/avatar\/c36ac855b1ee9cce96e09824fb5426d6eaccd04233fbf51e04e067ccd1b5fe13?s=96&d=mm&r=g","url":"https:\/\/secure.gravatar.com\/avatar\/c36ac855b1ee9cce96e09824fb5426d6eaccd04233fbf51e04e067ccd1b5fe13?s=96&d=mm&r=g","height":96,"width":96}},"publisher":{"@type":"Organization","name":"eluxcz.cz","logo":{"@type":"ImageObject","@id":"\/logo.png","url":"\/logo.png","width":600,"height":60}},"url":"https:\/\/www.eluxcz.cz\/mycka-jako-darek\/","wordCount":269,"articleBody":"A pro\u010d ne? Pro\u010d kone\u010dn\u011b neza\u010d\u00edt kupovat k narozenin\u00e1m, v\u00e1noc\u016fm, nebo jin\u00fdm p\u0159\u00edle\u017eitostem zbo\u017e\u00ed s n\u00e1padem! Pro\u010d nep\u0159estat s t\u011bmi k\u00fd\u010dovit\u00fdmi, nic ne\u0159\u00edkaj\u00edc\u00edmi d\u00e1rky, kter\u00e9 stejn\u011b pravideln\u011b kon\u010d\u00ed na spodu sk\u0159\u00edn\u011b! Zkuste jednou kone\u010dn\u011b p\u0159ekvapit! Zkuste tomu, kdo je u v\u00e1s doma otrokem dom\u00e1c\u00edch prac\u00ed sejmout kone\u010dn\u011b z rukou pouta! My\u010dka n\u00e1dob\u00ed AEG bude p\u0159ekvapen\u00edm nejenom pro n\u011bj, ale i pro v\u00e1s, proto\u017ee v\u00e1\u0161 prot\u011bj\u0161ek za\u010dne m\u00edt v\u00edc \u010dasu, kter\u00fd m\u016f\u017ee klidn\u011b rad\u011bji v\u011bnovat v\u00e1m, nebo spole\u010dn\u00fdm z\u00e1lib\u00e1m a kon\u00ed\u010dk\u016fm.Kamkoli v\u00e1s napadnePot\u0159ebujete vybavit kvalitn\u00edm p\u0159\u00edstrojem va\u0161\u00ed provozovnu? Pot\u0159ebujete v\u00e1\u0161 bar, restauraci, nebo kancel\u00e1\u0159 o\u0161et\u0159it kvalitn\u00edm za\u0159\u00edzen\u00edm. Vyu\u017eijte na\u0161\u00ed bezkonkuren\u010dn\u00ed nab\u00eddku! Na na\u0161ich str\u00e1nk\u00e1ch online objednejte, to, co mysl\u00edte, \u017ee bude pr\u00e1v\u011b pro v\u00e1s adekv\u00e1tn\u00ed z\u00e1le\u017eitost\u00ed! Zkuste jednou po\u0159\u00eddit pro va\u0161e prostory za\u0159\u00edzen\u00ed, kter\u00e9 bude bezporuchov\u00e9, a va\u0161i zam\u011bstnanci nebudou m\u00edt probl\u00e9m s obsluhou! Pokud chcete p\u0159ekvapit sebe i je v\u00fdhodnou volbou, m\u00e1te jedine\u010dnou mo\u017enost! M\u00e1te mo\u017enost nedat p\u0159\u00edle\u017eitost nevyle\u0161t\u011bn\u00fdm skleni\u010dk\u00e1m pro va\u0161e hosty! Zachovejte si kredit \u0161pi\u010dkov\u00e9 restaurace! Do n\u00ed pat\u0159\u00ed i kultura stolov\u00e1n\u00ed a vy u\u017e te\u010f v\u00edte jak na n\u00ed!                                                                                                                                                                                                                                                                                                                                                                                        4.6\/5 - (5 votes)        "},{"@context":"https:\/\/schema.org\/","@type":"BreadcrumbList","itemListElement":[{"@type":"ListItem","position":1,"name":"My\u010dka jako d\u00e1rek","item":"https:\/\/www.eluxcz.cz\/mycka-jako-darek\/#breadcrumbitem"}]}]