[{"@context":"https:\/\/schema.org\/","@type":"Article","@id":"https:\/\/www.eluxcz.cz\/nechcete-nas-vyresit-vas-duchod\/#Article","mainEntityOfPage":"https:\/\/www.eluxcz.cz\/nechcete-nas-vyresit-vas-duchod\/","headline":"Nechcete n\u00e1s vy\u0159e\u0161it v\u00e1\u0161 d\u016fchod","name":"Nechcete n\u00e1s vy\u0159e\u0161it v\u00e1\u0161 d\u016fchod","description":"Ka\u017ed\u00fd \u010dlov\u011bk mus\u00ed jednou v\u0161eho nechat, a zaslou\u017eile odpo\u010d\u00edvat. Kdy do d\u016fchodu je ot\u00e1zka, kterou je pot\u0159eba vy\u0159e\u0161it je\u0161t\u011b p\u0159ed samotn\u00fdm vy\u0159izov\u00e1n\u00edm tohoto slo\u017eit\u00e9ho procesu....","datePublished":"2024-11-10","dateModified":"2024-11-10","author":{"@type":"Person","@id":"https:\/\/www.eluxcz.cz\/author\/#Person","name":"","url":"https:\/\/www.eluxcz.cz\/author\/","identifier":1,"image":{"@type":"ImageObject","@id":"https:\/\/secure.gravatar.com\/avatar\/c36ac855b1ee9cce96e09824fb5426d6eaccd04233fbf51e04e067ccd1b5fe13?s=96&d=mm&r=g","url":"https:\/\/secure.gravatar.com\/avatar\/c36ac855b1ee9cce96e09824fb5426d6eaccd04233fbf51e04e067ccd1b5fe13?s=96&d=mm&r=g","height":96,"width":96}},"publisher":{"@type":"Organization","name":"eluxcz.cz","logo":{"@type":"ImageObject","@id":"\/logo.png","url":"\/logo.png","width":600,"height":60}},"url":"https:\/\/www.eluxcz.cz\/nechcete-nas-vyresit-vas-duchod\/","wordCount":221,"articleBody":"Ka\u017ed\u00fd \u010dlov\u011bk mus\u00ed jednou v\u0161eho nechat, a zaslou\u017eile odpo\u010d\u00edvat. Kdy do d\u016fchodu je ot\u00e1zka, kterou je pot\u0159eba vy\u0159e\u0161it je\u0161t\u011b p\u0159ed samotn\u00fdm vy\u0159izov\u00e1n\u00edm tohoto slo\u017eit\u00e9ho procesu. Za\u010dn\u011bte tento probl\u00e9m \u0159e\u0161it co nejd\u0159\u00edve, a s tou nejlep\u0161\u00ed pomoc\u00ed, kterou v\u00e1m m\u016f\u017eeme nab\u00eddnout pr\u00e1v\u011b my! Nejen\u017ee v\u00e1m u\u0161et\u0159\u00edme mnoho \u010dasu a obt\u011b\u017eov\u00e1n\u00ed se s \u00fa\u0159ady, ale taky si u\u017e nebudete muset d\u011blat starosti s ni\u010d\u00edm, v oblasti ot\u00e1zky d\u016fchodov\u00e1 kalkula\u010dka. Jsme experti, a tuto ot\u00e1zku vy\u0159\u00edd\u00edme s radost\u00ed za v\u00e1s, abychom v\u00e1m zajistili klidn\u00fd odchod z pr\u00e1ce na dlouho cestou d\u016fchodu, a jeho u\u017e\u00edv\u00e1n\u00ed si.Ka\u017ed\u00fd si zaslou\u017e\u00ed odpo\u010dinekNechte n\u00e1s za\u0159\u00eddit v\u00e1m spokojen\u00fd d\u016fchod bez starost\u00ed, se kter\u00fdm budete m\u00edt mo\u017enost si u\u017e\u00edvat ka\u017ed\u00e9 voln\u00e9 chv\u00edle, kter\u00e1 v\u00e1m ur\u010dit\u011b chyb\u011bla, kdy\u017e jste je\u0161t\u011b pracovali. Nebu\u010fte skromn\u00ed, a \u0159ekn\u011bte si n\u00e1m o va\u0161i pohodlnost. Kdy do d\u016fchodu u\u017e nebudete muset d\u00e1l \u0159e\u0161it, a my budeme spokojen\u00ed, \u017ee jsme pomohli dal\u0161\u00edmu klientovi.                                                                                                                                                                                                                                                                                                                                                                                         5\/5 - (1 vote)        "},{"@context":"https:\/\/schema.org\/","@type":"BreadcrumbList","itemListElement":[{"@type":"ListItem","position":1,"name":"Nechcete n\u00e1s vy\u0159e\u0161it v\u00e1\u0161 d\u016fchod","item":"https:\/\/www.eluxcz.cz\/nechcete-nas-vyresit-vas-duchod\/#breadcrumbitem"}]}]