[{"@context":"https:\/\/schema.org\/","@type":"Article","@id":"https:\/\/www.eluxcz.cz\/nevite-si-rady-kontaktujte-nas\/#Article","mainEntityOfPage":"https:\/\/www.eluxcz.cz\/nevite-si-rady-kontaktujte-nas\/","headline":"Nev\u00edte si rady? Kontaktujte n\u00e1s","name":"Nev\u00edte si rady? Kontaktujte n\u00e1s","description":"Co se t\u00fd\u010de kancel\u00e1\u0159sk\u00fdch pot\u0159eb, v\u017edy jste byli zvykl\u00ed j\u00edt do prvn\u00edho pap\u00edrnictv\u00ed a vybrat si z mal\u00e9ho v\u00fdb\u011bru, kter\u00fd nebyl a\u017e tak n\u00e1ro\u010dn\u00fd. Dnes...","datePublished":"2024-04-22","dateModified":"2024-04-22","author":{"@type":"Person","@id":"https:\/\/www.eluxcz.cz\/author\/#Person","name":"","url":"https:\/\/www.eluxcz.cz\/author\/","identifier":1,"image":{"@type":"ImageObject","@id":"https:\/\/secure.gravatar.com\/avatar\/c36ac855b1ee9cce96e09824fb5426d6eaccd04233fbf51e04e067ccd1b5fe13?s=96&d=mm&r=g","url":"https:\/\/secure.gravatar.com\/avatar\/c36ac855b1ee9cce96e09824fb5426d6eaccd04233fbf51e04e067ccd1b5fe13?s=96&d=mm&r=g","height":96,"width":96}},"publisher":{"@type":"Organization","name":"eluxcz.cz","logo":{"@type":"ImageObject","@id":"\/logo.png","url":"\/logo.png","width":600,"height":60}},"url":"https:\/\/www.eluxcz.cz\/nevite-si-rady-kontaktujte-nas\/","wordCount":272,"articleBody":"Co se t\u00fd\u010de kancel\u00e1\u0159sk\u00fdch pot\u0159eb, v\u017edy jste byli zvykl\u00ed j\u00edt do prvn\u00edho pap\u00edrnictv\u00ed a vybrat si z mal\u00e9ho v\u00fdb\u011bru, kter\u00fd nebyl a\u017e tak n\u00e1ro\u010dn\u00fd. Dnes ale pot\u0159ebujete trochu v\u011bt\u0161\u00ed kvalitu a nev\u00edte si s t\u00edm rady? Pokud sh\u00e1n\u00edte nov\u00e1 raz\u00edtka a nev\u00edte si rady, kter\u00e1 jsou pro v\u00e1s ta prav\u00e1, tak nev\u00e1hejte a pod\u00edvejte se na na\u0161e internetov\u00e9 str\u00e1nky, kde najdete kompletn\u00ed nab\u00eddku na\u0161ich v\u00fdrobk\u016f. M\u016f\u017eete si vybrat z na\u0161ich nejr\u016fzn\u011bj\u0161\u00edch druh\u016f nebo si vytvo\u0159it sv\u016fj vlastn\u00ed kousek, kter\u00fd bude p\u0159\u00edmo podle va\u0161ich p\u0159edstav. Pokud si st\u00e1le nev\u00edte rady, nev\u00e1hejte n\u00e1s kontaktovat a my s v\u00e1mi v\u0161e r\u00e1di prokonzultujeme.Akce a r\u016fzn\u00e9 v\u00fdhody pro ka\u017ed\u00e9hoV dne\u0161n\u00ed dob\u011b se jen m\u00e1lo v\u011bc\u00ed d\u00e1 po\u0159\u00eddit za p\u00e1r ka\u010dek, a proto jsme pro v\u00e1s p\u0159ipravili nab\u00eddku, kter\u00e1 se neodm\u00edt\u00e1. Pokud pot\u0159ebujete nap\u0159\u00edklad nov\u00e9 raz\u00edtko \u010di vizitku do va\u0161\u00ed kancel\u00e1\u0159e, tak nev\u00e1hejte a pod\u00edvejte se na na\u0161e internetov\u00e9 str\u00e1nky, kde najdete to nejlep\u0161\u00ed, co va\u0161\u00ed kancel\u00e1\u0159i chyb\u00ed. Nab\u00edz\u00edme pro v\u00e1s tak\u00e9 nejr\u016fzn\u011bj\u0161\u00ed akce, d\u00edky kter\u00fdm si budete moci na\u0161e zbo\u017e\u00ed po\u0159\u00eddit jen za p\u00e1r ka\u010dek, a pro na\u0161e v\u011brn\u00e9 z\u00e1kazn\u00edky nab\u00edz\u00edme v\u00fdhody, kter\u00e9 se neodm\u00edtaj\u00ed.                                                                                                                                                                                                                                                                                                                                                                                        4\/5 - (7 votes)        "},{"@context":"https:\/\/schema.org\/","@type":"BreadcrumbList","itemListElement":[{"@type":"ListItem","position":1,"name":"Nev\u00edte si rady? Kontaktujte n\u00e1s","item":"https:\/\/www.eluxcz.cz\/nevite-si-rady-kontaktujte-nas\/#breadcrumbitem"}]}]