[{"@context":"https:\/\/schema.org\/","@type":"Article","@id":"https:\/\/www.eluxcz.cz\/nezapomente-pripravit-svou-zahradu-na-sezonu-je-nejvyssi-cas\/#Article","mainEntityOfPage":"https:\/\/www.eluxcz.cz\/nezapomente-pripravit-svou-zahradu-na-sezonu-je-nejvyssi-cas\/","headline":"Nezapome\u0148te p\u0159ipravit svou zahradu na sez\u00f3nu. Je nejvy\u0161\u0161\u00ed \u010das.","name":"Nezapome\u0148te p\u0159ipravit svou zahradu na sez\u00f3nu. Je nejvy\u0161\u0161\u00ed \u010das.","description":"P\u0159\u00edpravy na sez\u00f3nu Ned\u00e1vno jsme za\u017eili p\u00e1r t\u00e9m\u011b\u0159 letn\u00edch dn\u00ed, kdy jsme mohli b\u00fdt cel\u00e9 dny venku t\u0159eba jen v tri\u010dku nebo lehk\u00e9 mikin\u011b. Samoz\u0159ejm\u011b...","datePublished":"2021-03-16","dateModified":"2023-11-09","author":{"@type":"Person","@id":"https:\/\/www.eluxcz.cz\/author\/#Person","name":"","url":"https:\/\/www.eluxcz.cz\/author\/","identifier":1,"image":{"@type":"ImageObject","@id":"https:\/\/secure.gravatar.com\/avatar\/c36ac855b1ee9cce96e09824fb5426d6eaccd04233fbf51e04e067ccd1b5fe13?s=96&d=mm&r=g","url":"https:\/\/secure.gravatar.com\/avatar\/c36ac855b1ee9cce96e09824fb5426d6eaccd04233fbf51e04e067ccd1b5fe13?s=96&d=mm&r=g","height":96,"width":96}},"publisher":{"@type":"Organization","name":"eluxcz.cz","logo":{"@type":"ImageObject","@id":"\/logo.png","url":"\/logo.png","width":600,"height":60}},"image":{"@type":"ImageObject","@id":"https:\/\/www.eluxcz.cz\/wp-content\/uploads\/o%C3%A1za_klidu_1.jpg","url":"https:\/\/www.eluxcz.cz\/wp-content\/uploads\/o%C3%A1za_klidu_1.jpg","height":0,"width":0},"url":"https:\/\/www.eluxcz.cz\/nezapomente-pripravit-svou-zahradu-na-sezonu-je-nejvyssi-cas\/","about":["V\u00fdrobky"],"wordCount":435,"articleBody":"       P\u0159\u00edpravy na sez\u00f3nuNed\u00e1vno jsme za\u017eili p\u00e1r t\u00e9m\u011b\u0159 letn\u00edch dn\u00ed, kdy jsme mohli b\u00fdt cel\u00e9 dny venku t\u0159eba jen v tri\u010dku nebo lehk\u00e9 mikin\u011b. Samoz\u0159ejm\u011b \u017ee ti z n\u00e1s, kte\u0159\u00ed museli chodit do pr\u00e1ce, m\u011bli sm\u016flu, proto\u017ee tepl\u00e9 byly jen dny v\u0161edn\u00ed. V\u00edkend byl bohu\u017eel citeln\u011b chladn\u011bj\u0161\u00ed. Nezoufejte. Nadch\u00e1zej\u00edc\u00ed p\u0159edpov\u011b\u010f slibuje tepl\u00fd v\u00edkend. Na zahrad\u011b je pot\u0159eba shrabat zbyl\u00e9 list\u00ed, provzdu\u0161nit tr\u00e1vn\u00edk a dop\u0159\u00e1t mu trochu hnojiva, aby se v l\u00e9t\u011b p\u011bkn\u011b zelenal.Hnojivo rozh\u00e1zejte p\u0159ed de\u0161t\u011bm, a\u0165 se dob\u0159e vs\u00e1kne do p\u016fdy. Pokud p\u011bstujete zeleninu a ovoce, je nejvy\u0161\u0161\u00ed \u010das nakyp\u0159it p\u016fdu a zas\u00edt sem\u00ednka mrkve, hr\u00e1\u0161ku nebo petr\u017eele, proto\u017ee t\u011bm nebude vadit ani p\u0159\u00edpadn\u00fd mal\u00fd mraz\u00edk. Pokud m\u00e1te sklen\u00edk nebo pa\u0159n\u00edk, m\u016f\u017eete si obstarat i sadbu jako je sal\u00e1t nebo kedlubny a m\u016f\u017eete tam d\u00e1t i \u0159edkvi\u010dky \u010di sazenice raj\u010dat.A zase ty kyti\u010dkyJaro pat\u0159\u00ed k nejbarevn\u011bj\u0161\u00edmu obdob\u00ed, co se kv\u011btin t\u00fd\u010de. Barevn\u00e9 cibuloviny jako jsou tulip\u00e1ny, narcisky, krokusy \u010di hyacinty kr\u00e1sn\u011b vyzdob\u00ed va\u0161i zahr\u00e1dku. A maj\u00ed je\u0161t\u011b jednu v\u00fdhodu. Pokud je d\u00e1te do zem\u011b, p\u0159\u00ed\u0161t\u00ed rok v\u00e1m zase vykvetou. Jen pozor u tulip\u00e1n\u016f je pot\u0159eba na konci \u010dervna cibulku vyr\u00fdt a vr\u00e1tit ji zp\u00e1tky v z\u00e1\u0159\u00ed. Tulip\u00e1n m\u00e1 toti\u017e tendenci se zahrab\u00e1vat n\u00ed\u017e a n\u00ed\u017e a p\u0159\u00ed\u0161t\u00ed nebo dal\u0161\u00ed rok u\u017e by v\u00e1m nevykvetl. Mezi kr\u00e1sn\u00e9 jarn\u00ed kv\u011btiny pat\u0159\u00ed i sedmikr\u00e1sky, mace\u0161ky, pomn\u011bnky nebo petrkl\u00ed\u010de.M\u016f\u017eete si vyrobit i vlastn\u00ed jarn\u00ed truhl\u00edky \u010di kv\u011btin\u00e1\u010de. Sta\u010d\u00ed skombinovat p\u00e1r druh\u016f kv\u011btin a z\u00edsk\u00e1te par\u00e1dn\u00ed jarn\u00ed v\u00fdzdobu dom\u016f \u010di ven. Inspiraci najdete na internetu a fantazii se meze nekladouKoutek pohodyA abyste se m\u011bli odkud na svou zahr\u00e1dku d\u00edvat, je pot\u0159eba p\u0159ipravit n\u011bjakou o\u00e1zu klidu. Bohat\u011b posta\u010d\u00ed leh\u00e1tko nebo pohodln\u00e9 k\u0159es\u00edlko. A jestli tou\u017e\u00edte po tvo\u0159en\u00ed, se\u017ee\u0148te si n\u011bkolik palet, ze kter\u00fdch se d\u00e1 vyrobit luxusn\u00ed posezen\u00ed nebo i pole\u017een\u00ed. Sta\u010d\u00ed trocha \u010dasu a chu\u0165 do pr\u00e1ce. Uvid\u00edte, jak se od v\u00e1s n\u00e1v\u0161t\u011bv\u00e1m nebude cht\u00edt odch\u00e1zet.                                                                                                                                                                                                                                                                                                                                                                                          4.2\/5 - (6 votes)        "},{"@context":"https:\/\/schema.org\/","@type":"BreadcrumbList","itemListElement":[{"@type":"ListItem","position":1,"name":"Nezapome\u0148te p\u0159ipravit svou zahradu na sez\u00f3nu. Je nejvy\u0161\u0161\u00ed \u010das.","item":"https:\/\/www.eluxcz.cz\/nezapomente-pripravit-svou-zahradu-na-sezonu-je-nejvyssi-cas\/#breadcrumbitem"}]}]