[{"@context":"https:\/\/schema.org\/","@type":"Blog","@id":"https:\/\/www.eluxcz.cz#Blog","headline":"Eluxcz","description":"\nChceme pro v\u00e1s na na\u0161em webu z\u00e1sadn\u011b jenom to nejlep\u0161\u00ed. A proto se za v\u00e1s, v\u011b\u0159te tomu nebo ne, i modl\u00edme. Jak? \u201eWeb n\u00e1\u0161 vezdej\u0161\u00ed dej v\u00e1m dnes\u2026\u201c","url":"https:\/\/www.eluxcz.cz","hasPart":[{"@type":"Article","@id":"https:\/\/www.eluxcz.cz\/different-hobby\/","headline":"Different hobby","url":"https:\/\/www.eluxcz.cz\/different-hobby\/","datePublished":"2021-12-23","dateModified":"2023-05-06","mainEntityOfPage":"https:\/\/www.eluxcz.cz\/different-hobby\/","author":{"@type":"Person","@id":"https:\/\/www.eluxcz.cz\/author\/#Person","name":"","url":"https:\/\/www.eluxcz.cz\/author\/","identifier":1,"image":{"@type":"ImageObject","@id":"https:\/\/secure.gravatar.com\/avatar\/c36ac855b1ee9cce96e09824fb5426d6eaccd04233fbf51e04e067ccd1b5fe13?s=96&d=mm&r=g","url":"https:\/\/secure.gravatar.com\/avatar\/c36ac855b1ee9cce96e09824fb5426d6eaccd04233fbf51e04e067ccd1b5fe13?s=96&d=mm&r=g","height":96,"width":96}},"publisher":{"@type":"Organization","name":"eluxcz.cz","logo":{"@type":"ImageObject","@id":"\/logo.png","url":"\/logo.png","width":600,"height":60}},"image":{"@type":"ImageObject","@id":"https:\/\/www.eluxcz.cz\/wp-content\/uploads\/fence-g8c1e52571_1920.jpg","url":"https:\/\/www.eluxcz.cz\/wp-content\/uploads\/fence-g8c1e52571_1920.jpg","height":0,"width":0},"wordCount":416,"keywords":null},{"@type":"Article","@id":"https:\/\/www.eluxcz.cz\/precizni-a-rychly-preklad-nemeckeho-jazyka\/","headline":"Precizn\u00ed a rychl\u00fd p\u0159eklad n\u011bmeck\u00e9ho jazyka","url":"https:\/\/www.eluxcz.cz\/precizni-a-rychly-preklad-nemeckeho-jazyka\/","datePublished":"2021-11-19","dateModified":"2023-05-06","mainEntityOfPage":"https:\/\/www.eluxcz.cz\/precizni-a-rychly-preklad-nemeckeho-jazyka\/","author":{"@type":"Person","@id":"https:\/\/www.eluxcz.cz\/author\/#Person","name":"","url":"https:\/\/www.eluxcz.cz\/author\/","identifier":1,"image":{"@type":"ImageObject","@id":"https:\/\/secure.gravatar.com\/avatar\/c36ac855b1ee9cce96e09824fb5426d6eaccd04233fbf51e04e067ccd1b5fe13?s=96&d=mm&r=g","url":"https:\/\/secure.gravatar.com\/avatar\/c36ac855b1ee9cce96e09824fb5426d6eaccd04233fbf51e04e067ccd1b5fe13?s=96&d=mm&r=g","height":96,"width":96}},"publisher":{"@type":"Organization","name":"eluxcz.cz","logo":{"@type":"ImageObject","@id":"\/logo.png","url":"\/logo.png","width":600,"height":60}},"image":{"@type":"ImageObject","@id":"https:\/\/www.eluxcz.cz\/wp-content\/uploads\/Pan%C3%A1%C4%8Dek-s-otazn%C3%ADkem.png","url":"https:\/\/www.eluxcz.cz\/wp-content\/uploads\/Pan%C3%A1%C4%8Dek-s-otazn%C3%ADkem.png","height":0,"width":0},"wordCount":519,"keywords":null},{"@type":"Article","@id":"https:\/\/www.eluxcz.cz\/drzim-dietu-no-a-co-to-je-prece-spravne\/","headline":"Dr\u017e\u00edm dietu &#8211; no a co? To je p\u0159ece spr\u00e1vn\u00e9!","url":"https:\/\/www.eluxcz.cz\/drzim-dietu-no-a-co-to-je-prece-spravne\/","datePublished":"2021-11-04","dateModified":"2023-05-06","mainEntityOfPage":"https:\/\/www.eluxcz.cz\/drzim-dietu-no-a-co-to-je-prece-spravne\/","author":{"@type":"Person","@id":"https:\/\/www.eluxcz.cz\/author\/#Person","name":"","url":"https:\/\/www.eluxcz.cz\/author\/","identifier":1,"image":{"@type":"ImageObject","@id":"https:\/\/secure.gravatar.com\/avatar\/c36ac855b1ee9cce96e09824fb5426d6eaccd04233fbf51e04e067ccd1b5fe13?s=96&d=mm&r=g","url":"https:\/\/secure.gravatar.com\/avatar\/c36ac855b1ee9cce96e09824fb5426d6eaccd04233fbf51e04e067ccd1b5fe13?s=96&d=mm&r=g","height":96,"width":96}},"publisher":{"@type":"Organization","name":"eluxcz.cz","logo":{"@type":"ImageObject","@id":"\/logo.png","url":"\/logo.png","width":600,"height":60}},"image":{"@type":"ImageObject","@id":"https:\/\/www.eluxcz.cz\/wp-content\/uploads\/hubnut%C3%AD-1899028__340.jpg","url":"https:\/\/www.eluxcz.cz\/wp-content\/uploads\/hubnut%C3%AD-1899028__340.jpg","height":0,"width":0},"wordCount":620,"keywords":null},{"@type":"Article","@id":"https:\/\/www.eluxcz.cz\/a-konecne-budete-mit-misto-na-rodinne-dovolene\/","headline":"A kone\u010dn\u011b budete m\u00edt m\u00edsto na rodinn\u00e9 dovolen\u00e9","url":"https:\/\/www.eluxcz.cz\/a-konecne-budete-mit-misto-na-rodinne-dovolene\/","datePublished":"2021-10-25","dateModified":"2023-05-06","mainEntityOfPage":"https:\/\/www.eluxcz.cz\/a-konecne-budete-mit-misto-na-rodinne-dovolene\/","author":{"@type":"Person","@id":"https:\/\/www.eluxcz.cz\/author\/#Person","name":"","url":"https:\/\/www.eluxcz.cz\/author\/","identifier":1,"image":{"@type":"ImageObject","@id":"https:\/\/secure.gravatar.com\/avatar\/c36ac855b1ee9cce96e09824fb5426d6eaccd04233fbf51e04e067ccd1b5fe13?s=96&d=mm&r=g","url":"https:\/\/secure.gravatar.com\/avatar\/c36ac855b1ee9cce96e09824fb5426d6eaccd04233fbf51e04e067ccd1b5fe13?s=96&d=mm&r=g","height":96,"width":96}},"publisher":{"@type":"Organization","name":"eluxcz.cz","logo":{"@type":"ImageObject","@id":"\/logo.png","url":"\/logo.png","width":600,"height":60}},"image":{"@type":"ImageObject","@id":"https:\/\/www.eluxcz.cz\/wp-content\/uploads\/dostaneme%20p%C5%AFj%C4%8Dku.jpg","url":"https:\/\/www.eluxcz.cz\/wp-content\/uploads\/dostaneme%20p%C5%AFj%C4%8Dku.jpg","height":0,"width":0},"wordCount":780,"keywords":null},{"@type":"Article","@id":"https:\/\/www.eluxcz.cz\/podzimni-a-zimni-vyzdoba-balkonu-a-teras\/","headline":"Podzimn\u00ed a zimn\u00ed v\u00fdzdoba balkon\u016f a teras","url":"https:\/\/www.eluxcz.cz\/podzimni-a-zimni-vyzdoba-balkonu-a-teras\/","datePublished":"2021-10-18","dateModified":"2023-05-06","mainEntityOfPage":"https:\/\/www.eluxcz.cz\/podzimni-a-zimni-vyzdoba-balkonu-a-teras\/","author":{"@type":"Person","@id":"https:\/\/www.eluxcz.cz\/author\/#Person","name":"","url":"https:\/\/www.eluxcz.cz\/author\/","identifier":1,"image":{"@type":"ImageObject","@id":"https:\/\/secure.gravatar.com\/avatar\/c36ac855b1ee9cce96e09824fb5426d6eaccd04233fbf51e04e067ccd1b5fe13?s=96&d=mm&r=g","url":"https:\/\/secure.gravatar.com\/avatar\/c36ac855b1ee9cce96e09824fb5426d6eaccd04233fbf51e04e067ccd1b5fe13?s=96&d=mm&r=g","height":96,"width":96}},"publisher":{"@type":"Organization","name":"eluxcz.cz","logo":{"@type":"ImageObject","@id":"\/logo.png","url":"\/logo.png","width":600,"height":60}},"image":{"@type":"ImageObject","@id":"https:\/\/www.eluxcz.cz\/wp-content\/uploads\/podzimni_vyzdoba.jpg","url":"https:\/\/www.eluxcz.cz\/wp-content\/uploads\/podzimni_vyzdoba.jpg","height":0,"width":0},"wordCount":506,"keywords":null},{"@type":"Article","@id":"https:\/\/www.eluxcz.cz\/lokomotiva-tomas-je-ten-spravny-darek\/","headline":"Lokomotiva Tom\u00e1\u0161, je ten spr\u00e1vn\u00fd d\u00e1rek","url":"https:\/\/www.eluxcz.cz\/lokomotiva-tomas-je-ten-spravny-darek\/","datePublished":"2021-10-16","dateModified":"2024-07-08","mainEntityOfPage":"https:\/\/www.eluxcz.cz\/lokomotiva-tomas-je-ten-spravny-darek\/","author":{"@type":"Person","@id":"https:\/\/www.eluxcz.cz\/author\/#Person","name":"","url":"https:\/\/www.eluxcz.cz\/author\/","identifier":1,"image":{"@type":"ImageObject","@id":"https:\/\/secure.gravatar.com\/avatar\/c36ac855b1ee9cce96e09824fb5426d6eaccd04233fbf51e04e067ccd1b5fe13?s=96&d=mm&r=g","url":"https:\/\/secure.gravatar.com\/avatar\/c36ac855b1ee9cce96e09824fb5426d6eaccd04233fbf51e04e067ccd1b5fe13?s=96&d=mm&r=g","height":96,"width":96}},"publisher":{"@type":"Organization","name":"eluxcz.cz","logo":{"@type":"ImageObject","@id":"\/logo.png","url":"\/logo.png","width":600,"height":60}},"image":{"@type":"ImageObject","@id":"https:\/\/www.eluxcz.cz\/wp-content\/uploads\/christmas-motif-g8fb8d0c43_1920.jpg","url":"https:\/\/www.eluxcz.cz\/wp-content\/uploads\/christmas-motif-g8fb8d0c43_1920.jpg","height":0,"width":0},"wordCount":577,"keywords":null},{"@type":"Article","@id":"https:\/\/www.eluxcz.cz\/cervene-bryle-proti-modremu-svetlu-muzete-vlastnit-i-vy\/","headline":"\u010cerven\u00e9 br\u00fdle proti modr\u00e9mu sv\u011btlu m\u016f\u017eete vlastnit i vy","url":"https:\/\/www.eluxcz.cz\/cervene-bryle-proti-modremu-svetlu-muzete-vlastnit-i-vy\/","datePublished":"2021-10-07","dateModified":"2023-05-06","mainEntityOfPage":"https:\/\/www.eluxcz.cz\/cervene-bryle-proti-modremu-svetlu-muzete-vlastnit-i-vy\/","author":{"@type":"Person","@id":"https:\/\/www.eluxcz.cz\/author\/#Person","name":"","url":"https:\/\/www.eluxcz.cz\/author\/","identifier":1,"image":{"@type":"ImageObject","@id":"https:\/\/secure.gravatar.com\/avatar\/c36ac855b1ee9cce96e09824fb5426d6eaccd04233fbf51e04e067ccd1b5fe13?s=96&d=mm&r=g","url":"https:\/\/secure.gravatar.com\/avatar\/c36ac855b1ee9cce96e09824fb5426d6eaccd04233fbf51e04e067ccd1b5fe13?s=96&d=mm&r=g","height":96,"width":96}},"publisher":{"@type":"Organization","name":"eluxcz.cz","logo":{"@type":"ImageObject","@id":"\/logo.png","url":"\/logo.png","width":600,"height":60}},"image":{"@type":"ImageObject","@id":"https:\/\/www.eluxcz.cz\/wp-content\/uploads\/%C4%8Derven%C3%A9%20br%C3%BDle.PNG","url":"https:\/\/www.eluxcz.cz\/wp-content\/uploads\/%C4%8Derven%C3%A9%20br%C3%BDle.PNG","height":0,"width":0},"wordCount":946,"keywords":null},{"@type":"Article","@id":"https:\/\/www.eluxcz.cz\/i-kvalitni-bydleni-muze-byt-levne\/","headline":"I kvalitn\u00ed bydlen\u00ed m\u016f\u017ee b\u00fdt levn\u00e9","url":"https:\/\/www.eluxcz.cz\/i-kvalitni-bydleni-muze-byt-levne\/","datePublished":"2021-09-19","dateModified":"2023-05-06","mainEntityOfPage":"https:\/\/www.eluxcz.cz\/i-kvalitni-bydleni-muze-byt-levne\/","author":{"@type":"Person","@id":"https:\/\/www.eluxcz.cz\/author\/#Person","name":"","url":"https:\/\/www.eluxcz.cz\/author\/","identifier":1,"image":{"@type":"ImageObject","@id":"https:\/\/secure.gravatar.com\/avatar\/c36ac855b1ee9cce96e09824fb5426d6eaccd04233fbf51e04e067ccd1b5fe13?s=96&d=mm&r=g","url":"https:\/\/secure.gravatar.com\/avatar\/c36ac855b1ee9cce96e09824fb5426d6eaccd04233fbf51e04e067ccd1b5fe13?s=96&d=mm&r=g","height":96,"width":96}},"publisher":{"@type":"Organization","name":"eluxcz.cz","logo":{"@type":"ImageObject","@id":"\/logo.png","url":"\/logo.png","width":600,"height":60}},"image":{"@type":"ImageObject","@id":"https:\/\/www.eluxcz.cz\/wp-content\/uploads\/Kl%C3%AD%C4%8De.jpg","url":"https:\/\/www.eluxcz.cz\/wp-content\/uploads\/Kl%C3%AD%C4%8De.jpg","height":0,"width":0},"wordCount":613,"keywords":null},{"@type":"Article","@id":"https:\/\/www.eluxcz.cz\/lak-aut-a-starost-o-nej\/","headline":"Lak aut a starost o n\u011bj","url":"https:\/\/www.eluxcz.cz\/lak-aut-a-starost-o-nej\/","datePublished":"2021-08-29","dateModified":"2023-12-11","mainEntityOfPage":"https:\/\/www.eluxcz.cz\/lak-aut-a-starost-o-nej\/","author":{"@type":"Person","@id":"https:\/\/www.eluxcz.cz\/author\/#Person","name":"","url":"https:\/\/www.eluxcz.cz\/author\/","identifier":1,"image":{"@type":"ImageObject","@id":"https:\/\/secure.gravatar.com\/avatar\/c36ac855b1ee9cce96e09824fb5426d6eaccd04233fbf51e04e067ccd1b5fe13?s=96&d=mm&r=g","url":"https:\/\/secure.gravatar.com\/avatar\/c36ac855b1ee9cce96e09824fb5426d6eaccd04233fbf51e04e067ccd1b5fe13?s=96&d=mm&r=g","height":96,"width":96}},"publisher":{"@type":"Organization","name":"eluxcz.cz","logo":{"@type":"ImageObject","@id":"\/logo.png","url":"\/logo.png","width":600,"height":60}},"image":{"@type":"ImageObject","@id":"https:\/\/www.eluxcz.cz\/wp-content\/uploads\/%C4%8Drn%C3%BD%20lak%20auta.jpg","url":"https:\/\/www.eluxcz.cz\/wp-content\/uploads\/%C4%8Drn%C3%BD%20lak%20auta.jpg","height":0,"width":0},"wordCount":656,"keywords":null},{"@type":"Article","@id":"https:\/\/www.eluxcz.cz\/tehotenske-fotografie-ktere-jsou-vasi-vzpominkou\/","headline":"T\u011bhotensk\u00e9 fotografie, kter\u00e9 jsou Va\u0161\u00ed vzpom\u00ednkou","url":"https:\/\/www.eluxcz.cz\/tehotenske-fotografie-ktere-jsou-vasi-vzpominkou\/","datePublished":"2021-08-02","dateModified":"2023-05-06","mainEntityOfPage":"https:\/\/www.eluxcz.cz\/tehotenske-fotografie-ktere-jsou-vasi-vzpominkou\/","author":{"@type":"Person","@id":"https:\/\/www.eluxcz.cz\/author\/#Person","name":"","url":"https:\/\/www.eluxcz.cz\/author\/","identifier":1,"image":{"@type":"ImageObject","@id":"https:\/\/secure.gravatar.com\/avatar\/c36ac855b1ee9cce96e09824fb5426d6eaccd04233fbf51e04e067ccd1b5fe13?s=96&d=mm&r=g","url":"https:\/\/secure.gravatar.com\/avatar\/c36ac855b1ee9cce96e09824fb5426d6eaccd04233fbf51e04e067ccd1b5fe13?s=96&d=mm&r=g","height":96,"width":96}},"publisher":{"@type":"Organization","name":"eluxcz.cz","logo":{"@type":"ImageObject","@id":"\/logo.png","url":"\/logo.png","width":600,"height":60}},"image":{"@type":"ImageObject","@id":"https:\/\/www.eluxcz.cz\/wp-content\/uploads\/t%C4%9Bhotn%C3%A1%20%C5%BEena_5.jpg","url":"https:\/\/www.eluxcz.cz\/wp-content\/uploads\/t%C4%9Bhotn%C3%A1%20%C5%BEena_5.jpg","height":0,"width":0},"wordCount":717,"keywords":null}]},{"@context":"https:\/\/schema.org","@type":"WebSite","@id":"https:\/\/www.eluxcz.cz\/#website","name":"Eluxcz","url":"https:\/\/www.eluxcz.cz","potentialAction":{"@type":"SearchAction","target":"https:\/\/www.eluxcz.cz\/?s={search_term_string}","query-input":"required name=search_term_string"}}]