[{"@context":"https:\/\/schema.org\/","@type":"Blog","@id":"https:\/\/www.eluxcz.cz#Blog","headline":"Eluxcz","description":"\nChceme pro v\u00e1s na na\u0161em webu z\u00e1sadn\u011b jenom to nejlep\u0161\u00ed. A proto se za v\u00e1s, v\u011b\u0159te tomu nebo ne, i modl\u00edme. Jak? \u201eWeb n\u00e1\u0161 vezdej\u0161\u00ed dej v\u00e1m dnes\u2026\u201c","url":"https:\/\/www.eluxcz.cz","hasPart":[{"@type":"Article","@id":"https:\/\/www.eluxcz.cz\/chcete-vyzkouset-zcela-nove-hry\/","headline":"Chcete vyzkou\u0161et zcela nov\u00e9 hry?","url":"https:\/\/www.eluxcz.cz\/chcete-vyzkouset-zcela-nove-hry\/","datePublished":"2023-05-06","dateModified":"2023-05-06","mainEntityOfPage":"https:\/\/www.eluxcz.cz\/chcete-vyzkouset-zcela-nove-hry\/","author":{"@type":"Person","@id":"https:\/\/www.eluxcz.cz\/author\/#Person","name":"","url":"https:\/\/www.eluxcz.cz\/author\/","identifier":1,"image":{"@type":"ImageObject","@id":"https:\/\/secure.gravatar.com\/avatar\/c36ac855b1ee9cce96e09824fb5426d6eaccd04233fbf51e04e067ccd1b5fe13?s=96&d=mm&r=g","url":"https:\/\/secure.gravatar.com\/avatar\/c36ac855b1ee9cce96e09824fb5426d6eaccd04233fbf51e04e067ccd1b5fe13?s=96&d=mm&r=g","height":96,"width":96}},"publisher":{"@type":"Organization","name":"eluxcz.cz","logo":{"@type":"ImageObject","@id":"\/logo.png","url":"\/logo.png","width":600,"height":60}},"image":null,"wordCount":722,"keywords":null},{"@type":"Article","@id":"https:\/\/www.eluxcz.cz\/vyuzijte-vyhod-ktere-vam-nabidne-nas-masazni-salon\/","headline":"Vyu\u017eijte v\u00fdhod, kter\u00e9 v\u00e1m nab\u00eddne n\u00e1\u0161 mas\u00e1\u017en\u00ed salon","url":"https:\/\/www.eluxcz.cz\/vyuzijte-vyhod-ktere-vam-nabidne-nas-masazni-salon\/","datePublished":"2023-05-01","dateModified":"2024-05-06","mainEntityOfPage":"https:\/\/www.eluxcz.cz\/vyuzijte-vyhod-ktere-vam-nabidne-nas-masazni-salon\/","author":{"@type":"Person","@id":"https:\/\/www.eluxcz.cz\/author\/#Person","name":"","url":"https:\/\/www.eluxcz.cz\/author\/","identifier":1,"image":{"@type":"ImageObject","@id":"https:\/\/secure.gravatar.com\/avatar\/c36ac855b1ee9cce96e09824fb5426d6eaccd04233fbf51e04e067ccd1b5fe13?s=96&d=mm&r=g","url":"https:\/\/secure.gravatar.com\/avatar\/c36ac855b1ee9cce96e09824fb5426d6eaccd04233fbf51e04e067ccd1b5fe13?s=96&d=mm&r=g","height":96,"width":96}},"publisher":{"@type":"Organization","name":"eluxcz.cz","logo":{"@type":"ImageObject","@id":"\/logo.png","url":"\/logo.png","width":600,"height":60}},"image":null,"wordCount":497,"keywords":null},{"@type":"Article","@id":"https:\/\/www.eluxcz.cz\/3-moderni-vychytavky-ktere-se-vam-budou-k-notebooku-skutecne-hodit\/","headline":"3 modern\u00ed vychyt\u00e1vky, kter\u00e9 se v\u00e1m budou k notebooku skute\u010dn\u011b hodit","url":"https:\/\/www.eluxcz.cz\/3-moderni-vychytavky-ktere-se-vam-budou-k-notebooku-skutecne-hodit\/","datePublished":"2023-04-29","dateModified":"2023-05-31","mainEntityOfPage":"https:\/\/www.eluxcz.cz\/3-moderni-vychytavky-ktere-se-vam-budou-k-notebooku-skutecne-hodit\/","author":{"@type":"Person","@id":"https:\/\/www.eluxcz.cz\/author\/#Person","name":"","url":"https:\/\/www.eluxcz.cz\/author\/","identifier":1,"image":{"@type":"ImageObject","@id":"https:\/\/secure.gravatar.com\/avatar\/c36ac855b1ee9cce96e09824fb5426d6eaccd04233fbf51e04e067ccd1b5fe13?s=96&d=mm&r=g","url":"https:\/\/secure.gravatar.com\/avatar\/c36ac855b1ee9cce96e09824fb5426d6eaccd04233fbf51e04e067ccd1b5fe13?s=96&d=mm&r=g","height":96,"width":96}},"publisher":{"@type":"Organization","name":"eluxcz.cz","logo":{"@type":"ImageObject","@id":"\/logo.png","url":"\/logo.png","width":600,"height":60}},"image":{"@type":"ImageObject","@id":"https:\/\/www.eluxcz.cz\/wp-content\/uploads\/office-620817__480_6.jpg","url":"https:\/\/www.eluxcz.cz\/wp-content\/uploads\/office-620817__480_6.jpg","height":0,"width":0},"wordCount":565,"keywords":null},{"@type":"Article","@id":"https:\/\/www.eluxcz.cz\/delame-vse-proto-aby-se-vase-kuchynska-linka-citila-atraktivne-a-dospele\/","headline":"D\u011bl\u00e1me v\u0161e proto, aby se Va\u0161e kuchy\u0148sk\u00e1 linka c\u00edtila atraktivn\u011b a dosp\u011ble!","url":"https:\/\/www.eluxcz.cz\/delame-vse-proto-aby-se-vase-kuchynska-linka-citila-atraktivne-a-dospele\/","datePublished":"2023-03-28","dateModified":"2024-04-02","mainEntityOfPage":"https:\/\/www.eluxcz.cz\/delame-vse-proto-aby-se-vase-kuchynska-linka-citila-atraktivne-a-dospele\/","author":{"@type":"Person","@id":"https:\/\/www.eluxcz.cz\/author\/#Person","name":"","url":"https:\/\/www.eluxcz.cz\/author\/","identifier":1,"image":{"@type":"ImageObject","@id":"https:\/\/secure.gravatar.com\/avatar\/c36ac855b1ee9cce96e09824fb5426d6eaccd04233fbf51e04e067ccd1b5fe13?s=96&d=mm&r=g","url":"https:\/\/secure.gravatar.com\/avatar\/c36ac855b1ee9cce96e09824fb5426d6eaccd04233fbf51e04e067ccd1b5fe13?s=96&d=mm&r=g","height":96,"width":96}},"publisher":{"@type":"Organization","name":"eluxcz.cz","logo":{"@type":"ImageObject","@id":"\/logo.png","url":"\/logo.png","width":600,"height":60}},"image":null,"wordCount":472,"keywords":null},{"@type":"Article","@id":"https:\/\/www.eluxcz.cz\/mirumilovnost-ma-sve-meze\/","headline":"M\u00edrumilovnost m\u00e1 sv\u00e9 meze","url":"https:\/\/www.eluxcz.cz\/mirumilovnost-ma-sve-meze\/","datePublished":"2023-02-20","dateModified":"2024-02-26","mainEntityOfPage":"https:\/\/www.eluxcz.cz\/mirumilovnost-ma-sve-meze\/","author":{"@type":"Person","@id":"https:\/\/www.eluxcz.cz\/author\/#Person","name":"","url":"https:\/\/www.eluxcz.cz\/author\/","identifier":1,"image":{"@type":"ImageObject","@id":"https:\/\/secure.gravatar.com\/avatar\/c36ac855b1ee9cce96e09824fb5426d6eaccd04233fbf51e04e067ccd1b5fe13?s=96&d=mm&r=g","url":"https:\/\/secure.gravatar.com\/avatar\/c36ac855b1ee9cce96e09824fb5426d6eaccd04233fbf51e04e067ccd1b5fe13?s=96&d=mm&r=g","height":96,"width":96}},"publisher":{"@type":"Organization","name":"eluxcz.cz","logo":{"@type":"ImageObject","@id":"\/logo.png","url":"\/logo.png","width":600,"height":60}},"image":null,"wordCount":536,"keywords":null},{"@type":"Article","@id":"https:\/\/www.eluxcz.cz\/bujny-dekolt\/","headline":"Bujn\u00fd dekolt","url":"https:\/\/www.eluxcz.cz\/bujny-dekolt\/","datePublished":"2023-02-10","dateModified":"2023-05-06","mainEntityOfPage":"https:\/\/www.eluxcz.cz\/bujny-dekolt\/","author":{"@type":"Person","@id":"https:\/\/www.eluxcz.cz\/author\/#Person","name":"","url":"https:\/\/www.eluxcz.cz\/author\/","identifier":1,"image":{"@type":"ImageObject","@id":"https:\/\/secure.gravatar.com\/avatar\/c36ac855b1ee9cce96e09824fb5426d6eaccd04233fbf51e04e067ccd1b5fe13?s=96&d=mm&r=g","url":"https:\/\/secure.gravatar.com\/avatar\/c36ac855b1ee9cce96e09824fb5426d6eaccd04233fbf51e04e067ccd1b5fe13?s=96&d=mm&r=g","height":96,"width":96}},"publisher":{"@type":"Organization","name":"eluxcz.cz","logo":{"@type":"ImageObject","@id":"\/logo.png","url":"\/logo.png","width":600,"height":60}},"image":{"@type":"ImageObject","@id":"https:\/\/www.eluxcz.cz\/wp-content\/uploads\/taste-1979268_960_720.jpg","url":"https:\/\/www.eluxcz.cz\/wp-content\/uploads\/taste-1979268_960_720.jpg","height":0,"width":0},"wordCount":568,"keywords":null},{"@type":"Article","@id":"https:\/\/www.eluxcz.cz\/podnikatele-to-musi-resit\/","headline":"Podnikatel\u00e9 to mus\u00ed \u0159e\u0161it","url":"https:\/\/www.eluxcz.cz\/podnikatele-to-musi-resit\/","datePublished":"2023-02-10","dateModified":"2023-05-06","mainEntityOfPage":"https:\/\/www.eluxcz.cz\/podnikatele-to-musi-resit\/","author":{"@type":"Person","@id":"https:\/\/www.eluxcz.cz\/author\/#Person","name":"","url":"https:\/\/www.eluxcz.cz\/author\/","identifier":1,"image":{"@type":"ImageObject","@id":"https:\/\/secure.gravatar.com\/avatar\/c36ac855b1ee9cce96e09824fb5426d6eaccd04233fbf51e04e067ccd1b5fe13?s=96&d=mm&r=g","url":"https:\/\/secure.gravatar.com\/avatar\/c36ac855b1ee9cce96e09824fb5426d6eaccd04233fbf51e04e067ccd1b5fe13?s=96&d=mm&r=g","height":96,"width":96}},"publisher":{"@type":"Organization","name":"eluxcz.cz","logo":{"@type":"ImageObject","@id":"\/logo.png","url":"\/logo.png","width":600,"height":60}},"image":{"@type":"ImageObject","@id":"https:\/\/www.eluxcz.cz\/wp-content\/uploads\/coin-230818_960_720.jpg","url":"https:\/\/www.eluxcz.cz\/wp-content\/uploads\/coin-230818_960_720.jpg","height":0,"width":0},"wordCount":687,"keywords":null},{"@type":"Article","@id":"https:\/\/www.eluxcz.cz\/s-krajkovymi-svatebnimi-saty-zabodujete\/","headline":"S krajkov\u00fdmi svatebn\u00edmi \u0161aty zabodujete","url":"https:\/\/www.eluxcz.cz\/s-krajkovymi-svatebnimi-saty-zabodujete\/","datePublished":"2023-01-10","dateModified":"2023-05-06","mainEntityOfPage":"https:\/\/www.eluxcz.cz\/s-krajkovymi-svatebnimi-saty-zabodujete\/","author":{"@type":"Person","@id":"https:\/\/www.eluxcz.cz\/author\/#Person","name":"","url":"https:\/\/www.eluxcz.cz\/author\/","identifier":1,"image":{"@type":"ImageObject","@id":"https:\/\/secure.gravatar.com\/avatar\/c36ac855b1ee9cce96e09824fb5426d6eaccd04233fbf51e04e067ccd1b5fe13?s=96&d=mm&r=g","url":"https:\/\/secure.gravatar.com\/avatar\/c36ac855b1ee9cce96e09824fb5426d6eaccd04233fbf51e04e067ccd1b5fe13?s=96&d=mm&r=g","height":96,"width":96}},"publisher":{"@type":"Organization","name":"eluxcz.cz","logo":{"@type":"ImageObject","@id":"\/logo.png","url":"\/logo.png","width":600,"height":60}},"image":{"@type":"ImageObject","@id":"https:\/\/www.eluxcz.cz\/wp-content\/uploads\/krajk.JPG","url":"https:\/\/www.eluxcz.cz\/wp-content\/uploads\/krajk.JPG","height":0,"width":0},"wordCount":888,"keywords":null},{"@type":"Article","@id":"https:\/\/www.eluxcz.cz\/novy-byt\/","headline":"Nov\u00fd byt","url":"https:\/\/www.eluxcz.cz\/novy-byt\/","datePublished":"2022-12-12","dateModified":"2022-12-12","mainEntityOfPage":"https:\/\/www.eluxcz.cz\/novy-byt\/","author":{"@type":"Person","@id":"https:\/\/www.eluxcz.cz\/author\/#Person","name":"","url":"https:\/\/www.eluxcz.cz\/author\/","identifier":1,"image":{"@type":"ImageObject","@id":"https:\/\/secure.gravatar.com\/avatar\/c36ac855b1ee9cce96e09824fb5426d6eaccd04233fbf51e04e067ccd1b5fe13?s=96&d=mm&r=g","url":"https:\/\/secure.gravatar.com\/avatar\/c36ac855b1ee9cce96e09824fb5426d6eaccd04233fbf51e04e067ccd1b5fe13?s=96&d=mm&r=g","height":96,"width":96}},"publisher":{"@type":"Organization","name":"eluxcz.cz","logo":{"@type":"ImageObject","@id":"\/logo.png","url":"\/logo.png","width":600,"height":60}},"image":{"@type":"ImageObject","@id":"https:\/\/www.eluxcz.cz\/wp-content\/uploads\/euro-1167916_960_720_1.jpg","url":"https:\/\/www.eluxcz.cz\/wp-content\/uploads\/euro-1167916_960_720_1.jpg","height":0,"width":0},"wordCount":535,"keywords":null},{"@type":"Article","@id":"https:\/\/www.eluxcz.cz\/jak-spravne-balit-darky\/","headline":"Jak spr\u00e1vn\u011b balit d\u00e1rky?","url":"https:\/\/www.eluxcz.cz\/jak-spravne-balit-darky\/","datePublished":"2022-11-15","dateModified":"2023-05-06","mainEntityOfPage":"https:\/\/www.eluxcz.cz\/jak-spravne-balit-darky\/","author":{"@type":"Person","@id":"https:\/\/www.eluxcz.cz\/author\/#Person","name":"","url":"https:\/\/www.eluxcz.cz\/author\/","identifier":1,"image":{"@type":"ImageObject","@id":"https:\/\/secure.gravatar.com\/avatar\/c36ac855b1ee9cce96e09824fb5426d6eaccd04233fbf51e04e067ccd1b5fe13?s=96&d=mm&r=g","url":"https:\/\/secure.gravatar.com\/avatar\/c36ac855b1ee9cce96e09824fb5426d6eaccd04233fbf51e04e067ccd1b5fe13?s=96&d=mm&r=g","height":96,"width":96}},"publisher":{"@type":"Organization","name":"eluxcz.cz","logo":{"@type":"ImageObject","@id":"\/logo.png","url":"\/logo.png","width":600,"height":60}},"image":{"@type":"ImageObject","@id":"https:\/\/www.eluxcz.cz\/wp-content\/uploads\/santa-claus-g6efe467b2_640.png","url":"https:\/\/www.eluxcz.cz\/wp-content\/uploads\/santa-claus-g6efe467b2_640.png","height":0,"width":0},"wordCount":667,"keywords":null}]},{"@context":"https:\/\/schema.org","@type":"WebSite","@id":"https:\/\/www.eluxcz.cz\/#website","name":"Eluxcz","url":"https:\/\/www.eluxcz.cz","potentialAction":{"@type":"SearchAction","target":"https:\/\/www.eluxcz.cz\/?s={search_term_string}","query-input":"required name=search_term_string"}}]