[{"@context":"https:\/\/schema.org\/","@type":"Article","@id":"https:\/\/www.eluxcz.cz\/proc-opravovat-kdyz-muzete-jezdit\/#Article","mainEntityOfPage":"https:\/\/www.eluxcz.cz\/proc-opravovat-kdyz-muzete-jezdit\/","headline":"Pro\u010d opravovat, kdy\u017e m\u016f\u017eete jezdit?","name":"Pro\u010d opravovat, kdy\u017e m\u016f\u017eete jezdit?","description":"Ur\u010dit\u011b zn\u00e1te situace, kdy mus\u00edte zajet do autoservisu Praha. Takov\u00e9 situace nast\u00e1vaj\u00ed v\u00a0nejr\u016fzn\u011bj\u0161\u00edch situac\u00edch, a\u0165 u\u017e jde o probl\u00e9my s\u00a0klimatizac\u00ed a\u017e po r\u00e1ny z\u00a0motoru. Ve\u0161ker\u00e9...","datePublished":"2023-11-18","dateModified":"2023-11-18","author":{"@type":"Person","@id":"https:\/\/www.eluxcz.cz\/author\/#Person","name":"","url":"https:\/\/www.eluxcz.cz\/author\/","identifier":1,"image":{"@type":"ImageObject","@id":"https:\/\/secure.gravatar.com\/avatar\/c36ac855b1ee9cce96e09824fb5426d6eaccd04233fbf51e04e067ccd1b5fe13?s=96&d=mm&r=g","url":"https:\/\/secure.gravatar.com\/avatar\/c36ac855b1ee9cce96e09824fb5426d6eaccd04233fbf51e04e067ccd1b5fe13?s=96&d=mm&r=g","height":96,"width":96}},"publisher":{"@type":"Organization","name":"eluxcz.cz","logo":{"@type":"ImageObject","@id":"\/logo.png","url":"\/logo.png","width":600,"height":60}},"url":"https:\/\/www.eluxcz.cz\/proc-opravovat-kdyz-muzete-jezdit\/","wordCount":227,"articleBody":"\tUr\u010dit\u011b zn\u00e1te situace, kdy mus\u00edte zajet do autoservisu Praha. Takov\u00e9 situace nast\u00e1vaj\u00ed v\u00a0nejr\u016fzn\u011bj\u0161\u00edch situac\u00edch, a\u0165 u\u017e jde o probl\u00e9my s\u00a0klimatizac\u00ed a\u017e po r\u00e1ny z\u00a0motoru. Ve\u0161ker\u00e9 z\u00e1vady, kter\u00e9 v\u00e1s n\u011bjak\u00fdm zp\u016fsobem ovliv\u0148uj\u00ed, ur\u010dit\u011b budete \u0159e\u0161it, av\u0161ak co s\u00a0t\u011bmi z\u00e1vadami, kter\u00e9 je mo\u017en\u00e9 p\u0159ehl\u00ed\u017eet? Pr\u00e1v\u011b takov\u00e9 z\u00e1vady \u010dasto zp\u016fsobuj\u00ed ty z\u00e1va\u017en\u011bj\u0161\u00ed, a proto byste nem\u011bli v\u00e1hat naprosto nad ni\u010d\u00edm, a to zejm\u00e9na tehdy, kdy\u017e je k\u00a0dispozici opravna, kter\u00e1 i p\u0159es n\u00edzk\u00e9 ceny dok\u00e1\u017ee zprost\u0159edkovat kvalitn\u00ed opravy. Pro takov\u00e9 specialisty se m\u016f\u017eete pohodln\u011b rozhodnout, a tak zvolte ty, kter\u00fdm m\u016f\u017eete d\u016fv\u011b\u0159ovat, a to v\u00a0jak\u00e9mkoliv p\u0159\u00edpad\u011b.\tJi\u017e \u017e\u00e1dn\u00e9 riziko nevyjet\u00edPro\u010d byste m\u011bli riskovat, \u017ee v\u00a0p\u0159\u00edpad\u011b, kdy sv\u016fj automobil budete pot\u0159ebovat nejv\u00edce, nebudete moci vyjet? Takov\u00e1 situace p\u0159itom m\u016f\u017ee nastat opravdu kdykoliv, a pr\u00e1v\u011b toho byste se m\u011bli vyh\u00fdbat. Zapome\u0148te proto na nep\u0159\u00edjemnosti, kter\u00e9 mohou b\u00fdt s\u00a0provozem vozidla spojen\u00e9, a to jednoduch\u00fdm zp\u016fsobem v\u00a0podob\u011b kontaktu specialist\u016f, kte\u0159\u00ed v\u00e1m pomohou s\u00a0jak\u00fdmkoliv probl\u00e9mem s\u00a0va\u0161\u00edm vozem.                                                                                                                                                                                                                                                                                                                                                                                        4.2\/5 - (8 votes)        "},{"@context":"https:\/\/schema.org\/","@type":"BreadcrumbList","itemListElement":[{"@type":"ListItem","position":1,"name":"Pro\u010d opravovat, kdy\u017e m\u016f\u017eete jezdit?","item":"https:\/\/www.eluxcz.cz\/proc-opravovat-kdyz-muzete-jezdit\/#breadcrumbitem"}]}]